{"id":9994,"date":"2023-09-15T04:18:00","date_gmt":"2023-09-15T04:18:00","guid":{"rendered":"https:\/\/noticiasdestaque.com.br\/index.php\/2023\/09\/15\/sao-paulo-governo-lanca-guia-explicativo-sobre-a-desestatizacao-da-sabesp\/"},"modified":"2023-09-15T04:18:00","modified_gmt":"2023-09-15T04:18:00","slug":"sao-paulo-governo-lanca-guia-explicativo-sobre-a-desestatizacao-da-sabesp","status":"publish","type":"post","link":"https:\/\/noticiasdestaque.com.br\/index.php\/2023\/09\/15\/sao-paulo-governo-lanca-guia-explicativo-sobre-a-desestatizacao-da-sabesp\/","title":{"rendered":"S\u00e3o Paulo: Governo lan\u00e7a guia explicativo sobre a desestatiza\u00e7\u00e3o da Sabesp"},"content":{"rendered":"<p>O Governo de S\u00e3o Paulo lan\u00e7ou um<a href=\"https:\/\/smastr16.blob.core.windows.net\/2001\/2023\/09\/SABESP_Ebook_v9.pdf\"> guia informativo<\/a> sobre a desestatiza\u00e7\u00e3o da Companhia de Saneamento B\u00e1sico do Estado de S\u00e3o Paulo (Sabesp), respons\u00e1vel pelo fornecimento de \u00e1gua, coleta e tratamento de esgoto de 375 munic\u00edpios paulistas. O material aponta que o modelo de desestatiza\u00e7\u00e3o deve ampliar investimentos no estado, o crescimento da companhia e reduzir tarifas.<\/p>\n<p>A presidente-executiva do Trata Brasil, Luana Pretto, explica que a medida segue o estabelecimento do novo marco do saneamento. \u201cA meta \u00e9 a universaliza\u00e7\u00e3o dos servi\u00e7os de acesso \u00e0 \u00e1gua e coleta e tratamento do esgoto no estado de S\u00e3o Paulo. O marco coloca como data limite o ano de 2033\u201d, informa.<\/p>\n<p>Luana Pretto ainda aponta que, hoje, 98,6% da popula\u00e7\u00e3o paulista tem acesso \u00e0 \u00e1gua, e 94,7% tem acesso \u00e0 coleta de esgoto. \u201cSendo que do volume de \u00e1gua consumida que se transforma em esgoto, 70,4% desse esgoto \u00e9 tratado. Hoje, o estado possui um \u00edndice de perdas de 34,5%\u201d, completa.<\/p>\n<p>De acordo com ela, a desestatiza\u00e7\u00e3o do Sapesp pode antecipar em 4 anos o prazo para cumprir a meta, al\u00e9m de ampliar o n\u00famero de pessoas atendidas, incluindo popula\u00e7\u00f5es que hoje n\u00e3o s\u00e3o contempladas, como moradores de \u00e1reas rurais, favelas, palafitas, comunidades tradicionais e povos origin\u00e1rios.<\/p>\n<p>Assim, a medida deve:<\/p>\n<ul>\n<li>Levar saneamento a 10 milh\u00f5es de pessoas at\u00e9 2029<\/li>\n<li>Levar \u00e1gua pot\u00e1vel para mais de 3 milh\u00f5es de pessoas<\/li>\n<li>Levar esgoto coletado para mais de 4 milh\u00f5es de pessoas<\/li>\n<li>Levar esgoto tratado para mais de 5 milh\u00f5es de pessoas<\/li>\n<li>Reduzir a mortalidade infantil<\/li>\n<li>Aumentar a qualidade de vida<\/li>\n<\/ul>\n<p>Al\u00e9m disso, o planejamento para cumprir a meta deve ser feito em conjunto, por estado e munic\u00edpios. De acordo com a Sabesp, um exemplo \u00e9 a regi\u00e3o metropolitana de S\u00e3o Paulo, onde parte do abastecimento de \u00e1gua ocorre fora da regi\u00e3o, no Sistema Cantareira, e parte em munic\u00edpios como os do Alto Tiet\u00ea e do ABC Paulista. Em algumas cidades, como Barueri e ABC, as Esta\u00e7\u00f5es de Tratamento de Esgoto recebem e tratam o esgoto de todos os munic\u00edpios, fazendo com que as decis\u00f5es afetem a todas as \u00e1reas.<\/p>\n<p><strong>Leia mais:<\/strong><\/p>\n<\/p>\n<p> Fonte: Brasil61<\/p>\n<input type=\"hidden\" id=\"baseurl\" value=\"https:\/\/noticiasdestaque.com.br\"><input type=\"hidden\" id=\"audio_nonce\" value=\"6a24ca502e\">","protected":false},"excerpt":{"rendered":"<p>A medida segue o novo marco legal do saneamento, que estabelece 99% de abastecimento de \u00e1gua e 90% de coleta e tratamento de esgoto para toda a popula\u00e7\u00e3o brasileira<\/p>\n","protected":false},"author":1,"featured_media":9996,"comment_status":"open","ping_status":"open","sticky":false,"template":"","format":"standard","meta":{"fifu_image_url":"","fifu_image_alt":"","footnotes":""},"categories":[1],"tags":[106],"class_list":["post-9994","post","type-post","status-publish","format-standard","has-post-thumbnail","hentry","category-uncategorized","tag-brunna-pareja"],"distributor_meta":false,"distributor_terms":false,"distributor_media":false,"distributor_original_site_name":"Noticias em Destaque","distributor_original_site_url":"https:\/\/noticiasdestaque.com.br","push-errors":false,"_links":{"self":[{"href":"https:\/\/noticiasdestaque.com.br\/index.php\/wp-json\/wp\/v2\/posts\/9994","targetHints":{"allow":["GET"]}}],"collection":[{"href":"https:\/\/noticiasdestaque.com.br\/index.php\/wp-json\/wp\/v2\/posts"}],"about":[{"href":"https:\/\/noticiasdestaque.com.br\/index.php\/wp-json\/wp\/v2\/types\/post"}],"author":[{"embeddable":true,"href":"https:\/\/noticiasdestaque.com.br\/index.php\/wp-json\/wp\/v2\/users\/1"}],"replies":[{"embeddable":true,"href":"https:\/\/noticiasdestaque.com.br\/index.php\/wp-json\/wp\/v2\/comments?post=9994"}],"version-history":[{"count":1,"href":"https:\/\/noticiasdestaque.com.br\/index.php\/wp-json\/wp\/v2\/posts\/9994\/revisions"}],"predecessor-version":[{"id":9995,"href":"https:\/\/noticiasdestaque.com.br\/index.php\/wp-json\/wp\/v2\/posts\/9994\/revisions\/9995"}],"wp:featuredmedia":[{"embeddable":true,"href":"https:\/\/noticiasdestaque.com.br\/index.php\/wp-json\/wp\/v2\/media\/9996"}],"wp:attachment":[{"href":"https:\/\/noticiasdestaque.com.br\/index.php\/wp-json\/wp\/v2\/media?parent=9994"}],"wp:term":[{"taxonomy":"category","embeddable":true,"href":"https:\/\/noticiasdestaque.com.br\/index.php\/wp-json\/wp\/v2\/categories?post=9994"},{"taxonomy":"post_tag","embeddable":true,"href":"https:\/\/noticiasdestaque.com.br\/index.php\/wp-json\/wp\/v2\/tags?post=9994"}],"curies":[{"name":"wp","href":"https:\/\/api.w.org\/{rel}","templated":true}]}}