{"id":9988,"date":"2023-09-15T02:48:00","date_gmt":"2023-09-15T02:48:00","guid":{"rendered":"https:\/\/noticiasdestaque.com.br\/index.php\/2023\/09\/15\/mg-repescagem-para-censo-previdenciario-vai-ate-segunda-feira\/"},"modified":"2023-09-15T02:48:00","modified_gmt":"2023-09-15T02:48:00","slug":"mg-repescagem-para-censo-previdenciario-vai-ate-segunda-feira","status":"publish","type":"post","link":"https:\/\/noticiasdestaque.com.br\/index.php\/2023\/09\/15\/mg-repescagem-para-censo-previdenciario-vai-ate-segunda-feira\/","title":{"rendered":"MG: repescagem para censo previdenci\u00e1rio vai at\u00e9 segunda-feira (18)"},"content":{"rendered":"<p>O Instituto de Previd\u00eancia dos Servidores do Estado de Minas Gerais (Ipsemg) est\u00e1 realizando repescagem para os pensionistas que ainda n\u00e3o preencheram o Censo Cadastral Previdenci\u00e1rio at\u00e9 segunda-feira (18). O pensionista deve validar os dados pessoais e responder um question\u00e1rio, de forma online ou presencial. Quem n\u00e3o atualizar o cadastro, pode ter o benef\u00edcio suspenso, alerta Fernando Maciel, especialista em Direito Previdenci\u00e1rio e professor do Gran Cursos.<\/p>\n<p>\u201cA legisla\u00e7\u00e3o previdenci\u00e1ria, tanto do regime geral do INSS (Instituto Nacional do Seguro Social), quanto dos regimes pr\u00f3prios dos servidores p\u00fablicos, determina a realiza\u00e7\u00e3o peri\u00f3dica de um recenseamento. Tem que proceder um programa permanente de revis\u00e3o de concess\u00e3o e manuten\u00e7\u00e3o dos benef\u00edcios, para verificar se as preenchem os requisitos\u201d, explica Maciel. Quem j\u00e1 teve o benef\u00edcio suspenso tamb\u00e9m deve regularizar a situa\u00e7\u00e3o, realizando o cadastro do censo previdenci\u00e1rio, para voltar a receber o pagamento.<\/p>\n<p>A repescagem foi adotada diante do n\u00famero de pensionistas que ainda n\u00e3o realizaram o censo cadastral previdenci\u00e1rio durante a primeira fase, que aconteceu entre 19 de junho a 31 de julho. A nova oportunidade \u00e9 para aqueles que tiveram o benef\u00edcio de pens\u00e3o concedido at\u00e9 2 de junho deste ano.<\/p>\n<p>Eduardo Felype Moraes, advogado especializado em Direito do Trabalho e Previdenci\u00e1rio, informa que \u00e9 importante fazer o cadastro no censo previdenci\u00e1rio, porque ele permite que as informa\u00e7\u00f5es dos beneficiados estejam sempre atualizadas. \u201cGarantindo que os registros sejam precisos e confi\u00e1veis. Ou seja, o censo previdenci\u00e1rio tem a finalidade de fornecer informa\u00e7\u00f5es essenciais para o planejamento a longo prazo e a sustentabilidade do sistema da Previd\u00eancia Social\u201d, completa.<\/p>\n<h2>Atendimento online<\/h2>\n<p>Para realizar o Censo Cadastral Previdenci\u00e1rio, os pensionistas devem acessar o site do <a href=\"https:\/\/censo.ipsemg.mg.gov.br\/censo-frontend\/\">Censo Previdenci\u00e1rio de Minas Gerais<\/a>, fazer o login com CPF ou usu\u00e1rio do gov.br, validar os dados pessoas (nome, CPF, sexo, data de nascimento, condi\u00e7\u00e3o de sa\u00fade, nome da m\u00e3e e o endere\u00e7o, n\u00famero de celular e e-mail) e ap\u00f3s isso, responder ao question\u00e1rio.<\/p>\n<h2>Atendimento presencial<\/h2>\n<p>Caso o pensionista n\u00e3o tenha acesso \u00e0 internet, \u00e9 necess\u00e1rio realizar o atendimento presencialmente para a realiza\u00e7\u00e3o do censo. Para isso, basta entrar em contato por meio do 155, op\u00e7\u00e3o 03 (chamadas gratuitas originadas de qualquer regi\u00e3o de Minas Gerais), ou (31) 3069- 6601, op\u00e7\u00e3o 03 (chamadas tarifadas originadas de localidades fora do estado. A liga\u00e7\u00e3o pode ser feita por telefone fixo ou celular.<\/p>\n<p>Os benefici\u00e1rios que n\u00e3o estiverem capacitados para ir at\u00e9 o local devem enviar o pedido de visita domiciliar para o endere\u00e7o de e-mail censo@ipsemg.mg.gov.br. Esse pedido deve ser encaminhado por e-mail e deve incluir o laudo m\u00e9dico, al\u00e9m das informa\u00e7\u00f5es como nome do benefici\u00e1rio, n\u00famero de Cadastro de Pessoa F\u00edsica (CPF), o v\u00ednculo com o segurado (pensionista), endere\u00e7o e n\u00famero de telefone de contato.<\/p>\n<p>A realiza\u00e7\u00e3o do censo n\u00e3o elimina a necessidade de o pensionista realizar o recadastramento anual durante o m\u00eas de seu anivers\u00e1rio. Isso pode ser feito por meio da Prova de Vida Digital ou por atualiza\u00e7\u00e3o de dados pessoalmente nas unidades regionais do Ipsemg.<\/p>\n<p><strong>Leia mais:<\/strong><\/p>\n<\/p>\n<p> Fonte: Brasil61<\/p>\n<input type=\"hidden\" id=\"baseurl\" value=\"https:\/\/noticiasdestaque.com.br\"><input type=\"hidden\" id=\"audio_nonce\" value=\"6f73a554f1\">","protected":false},"excerpt":{"rendered":"<p>MG: repescagem para censo previdenci\u00e1rio vai at\u00e9 segunda-feira (18)<\/p>\n","protected":false},"author":1,"featured_media":9990,"comment_status":"open","ping_status":"open","sticky":false,"template":"","format":"standard","meta":{"fifu_image_url":"","fifu_image_alt":"","footnotes":""},"categories":[1],"tags":[106],"class_list":["post-9988","post","type-post","status-publish","format-standard","has-post-thumbnail","hentry","category-uncategorized","tag-brunna-pareja"],"distributor_meta":false,"distributor_terms":false,"distributor_media":false,"distributor_original_site_name":"Noticias em Destaque","distributor_original_site_url":"https:\/\/noticiasdestaque.com.br","push-errors":false,"_links":{"self":[{"href":"https:\/\/noticiasdestaque.com.br\/index.php\/wp-json\/wp\/v2\/posts\/9988","targetHints":{"allow":["GET"]}}],"collection":[{"href":"https:\/\/noticiasdestaque.com.br\/index.php\/wp-json\/wp\/v2\/posts"}],"about":[{"href":"https:\/\/noticiasdestaque.com.br\/index.php\/wp-json\/wp\/v2\/types\/post"}],"author":[{"embeddable":true,"href":"https:\/\/noticiasdestaque.com.br\/index.php\/wp-json\/wp\/v2\/users\/1"}],"replies":[{"embeddable":true,"href":"https:\/\/noticiasdestaque.com.br\/index.php\/wp-json\/wp\/v2\/comments?post=9988"}],"version-history":[{"count":1,"href":"https:\/\/noticiasdestaque.com.br\/index.php\/wp-json\/wp\/v2\/posts\/9988\/revisions"}],"predecessor-version":[{"id":9989,"href":"https:\/\/noticiasdestaque.com.br\/index.php\/wp-json\/wp\/v2\/posts\/9988\/revisions\/9989"}],"wp:featuredmedia":[{"embeddable":true,"href":"https:\/\/noticiasdestaque.com.br\/index.php\/wp-json\/wp\/v2\/media\/9990"}],"wp:attachment":[{"href":"https:\/\/noticiasdestaque.com.br\/index.php\/wp-json\/wp\/v2\/media?parent=9988"}],"wp:term":[{"taxonomy":"category","embeddable":true,"href":"https:\/\/noticiasdestaque.com.br\/index.php\/wp-json\/wp\/v2\/categories?post=9988"},{"taxonomy":"post_tag","embeddable":true,"href":"https:\/\/noticiasdestaque.com.br\/index.php\/wp-json\/wp\/v2\/tags?post=9988"}],"curies":[{"name":"wp","href":"https:\/\/api.w.org\/{rel}","templated":true}]}}