{"id":9985,"date":"2023-09-15T02:18:00","date_gmt":"2023-09-15T02:18:00","guid":{"rendered":"https:\/\/noticiasdestaque.com.br\/index.php\/2023\/09\/15\/transicao-energetica-esta-na-agenda-do-brasil-para-a-cop-nos-emirados-arabes-unidos\/"},"modified":"2023-09-15T02:18:00","modified_gmt":"2023-09-15T02:18:00","slug":"transicao-energetica-esta-na-agenda-do-brasil-para-a-cop-nos-emirados-arabes-unidos","status":"publish","type":"post","link":"https:\/\/noticiasdestaque.com.br\/index.php\/2023\/09\/15\/transicao-energetica-esta-na-agenda-do-brasil-para-a-cop-nos-emirados-arabes-unidos\/","title":{"rendered":"Transi\u00e7\u00e3o energ\u00e9tica est\u00e1 na agenda do Brasil para a COP28, nos Emirados \u00c1rabes Unidos"},"content":{"rendered":"<p>As principais pautas defendidas pelo Brasil na Confer\u00eancia das Na\u00e7\u00f5es Unidas para o Clima (COP28) s\u00e3o a transi\u00e7\u00e3o para uma economia de baixo carbono, adapta\u00e7\u00e3o \u00e0 mudan\u00e7a do clima e avalia\u00e7\u00e3o do avan\u00e7o do Acordo de Paris. Esse foi o tema de um dos pain\u00e9is do evento \u201cDi\u00e1logo Pr\u00e9-COP28: o papel da ind\u00fastria na agenda de clima\u201d, promovido pela Confedera\u00e7\u00e3o Nacional da Ind\u00fastria (CNI), em Bras\u00edlia, na \u00faltima ter\u00e7a-feira (12). <\/p>\n<p>O secret\u00e1rio substituto de Mudan\u00e7a do Clima do Minist\u00e9rio do Meio Ambiente, Aloisio Melo, comentou a agenda brasileira para a COP28, prevista para acontecer de 30 de novembro a 12 de dezembro em Dubai, nos Emirados \u00c1rabes Unidos. <\/p>\n<p>\u201cS\u00e3o v\u00e1rios temas. O primeiro \u00e9 que tenha um processo de avalia\u00e7\u00e3o global sobre o avan\u00e7o do Acordo de Paris, um processo que seja consistente e que mostre qual \u00e9 a lacuna em termos de compromisso dos pa\u00edses rumo ao objetivo maior do Acordo de Paris, que \u00e9 o de manter o aquecimento global limitado a 1,5\u00baC de forma que os prov\u00e1veis impactos sejam administr\u00e1veis. Tem que ser um processo de avalia\u00e7\u00e3o robusta que coloque na mesa a necessidade de os pa\u00edses avan\u00e7arem no sentido de compromissos mais fortes, mais consistentes para que esse objetivo venha a ser atendido\u201d, afirma.<\/p>\n<p>Em 2022, na COP27, o Brasil ratificou os compromissos que foram firmados no Acordo de Paris, de reduzir em 37% suas emiss\u00f5es de gases de efeito estufa at\u00e9 2025; e em 50% at\u00e9 2030; al\u00e9m de atingir a neutralidade clim\u00e1tica at\u00e9 2050.     <\/p>\n<p>O presidente da Ag\u00eancia Brasileira de Promo\u00e7\u00e3o de Exporta\u00e7\u00e3o e Investimentos (ApexBrasil), Jorge Viana, destacou a responsabilidade e o protagonismo do Brasil no que diz respeito ao meio ambiente. Ele ressaltou que a biodiversidade brasileira \u00e9 mais rica do que a da Europa e dos Estados Unidos e que, por isso, n\u00e3o h\u00e1 como comparar, por exemplo, as leis ambientais. Jorge Viana citou ainda qual o principal desafio do Brasil na COP28.<\/p>\n<p>\u201cQual \u00e9 o nosso desafio hoje? Voltar para a Europa, voltar para as COPs com a narrativa correta, repondo o Brasil na posi\u00e7\u00e3o que ele n\u00e3o deveria ter sa\u00eddo, de protagonista desse processo. E eu acho que \u00e9 esse o desafio da COP28. Chegar com altivez, mas chegar unido. O nosso desafio na COP28 \u00e9 estarmos juntos\u201d, pontua. <\/p>\n<h2>Crescimento verde<\/h2>\n<p>Para o embaixador extraordin\u00e1rio para a Mudan\u00e7a do Clima, Luiz Alberto Figueiredo, o combate \u00e0 mudan\u00e7a do clima abre oportunidades para investimentos e crescimento econ\u00f4mico e social. Ele afirma que um \u201ccrescimento verde\u201d vai trazer gera\u00e7\u00e3o de emprego e renda. Figueiredo destaca a import\u00e2ncia do papel de lideran\u00e7a que o Brasil pode desempenhar na COP28.<\/p>\n<p>\u201cA COP28 ser\u00e1 um momento de retomada para n\u00f3s. Um momento em que voltaremos aos grandes palcos da negocia\u00e7\u00e3o internacional clim\u00e1tica, com o que mostrar, com o que dizer e com o sentido de lideran\u00e7a que, ao longo dos anos, soubemos manter exatamente por essa  irmandade de pensamentos entre os v\u00e1rios setores da sociedade brasileira: governo, sociedade civil, Legislativo, Judici\u00e1rio. Todos temos uma consci\u00eancia muito clara do que precisa ser feito e todos temos uma consci\u00eancia muito clara de que o Brasil \u00e9 um pa\u00eds que lidera\u201d, ressalta.<\/p>\n<h2>Ind\u00fastria<\/h2>\n<p>A estrat\u00e9gia para uma economia de baixo carbono defendida pela CNI \u00e9 estruturada em quatro pilares: transi\u00e7\u00e3o energ\u00e9tica, mercado de carbono, economia circular e conserva\u00e7\u00e3o florestal. De acordo com a entidade, \u201co objetivo \u00e9 acelerar a implementa\u00e7\u00e3o de programas e tecnologias necess\u00e1rios ao avan\u00e7o rumo \u00e0 redu\u00e7\u00e3o de emiss\u00e3o de gases do efeito estufa, no curto e m\u00e9dio prazos, e \u00e0 neutralidade clim\u00e1tica em 2050\u201d.<\/p>\n<p>A diretora de Rela\u00e7\u00f5es Institucionais da CNI, M\u00f4nica Messenberg, ressalta que a COP28 ser\u00e1 palco de importantes debates para a a\u00e7\u00e3o clim\u00e1tica mundial, como o mercado global de carbono. Ela afirma que a expectativa \u00e9 que as negocia\u00e7\u00f5es resultem em a\u00e7\u00f5es concretas e equitativas. Messenberg defende ainda a relev\u00e2ncia da atua\u00e7\u00e3o do Brasil na confer\u00eancia devido \u00e0 matriz energ\u00e9tica limpa e \u00e0 biodiversidade do pa\u00eds.  <\/p>\n<p>\u201cPrecisamos acelerar a descarboniza\u00e7\u00e3o de forma respons\u00e1vel, permitindo, ao mesmo tempo, o acesso \u00e0 energia para todos, promovendo desenvolvimento sustent\u00e1vel   e apoiando a transi\u00e7\u00e3o justa. O Brasil tem um papel fundamental nesse processo. Buscamos alcan\u00e7ar uma economia mais resiliente, que valorize nossa biodiversidade com a gera\u00e7\u00e3o de oportunidade de investimentos mais bem direcionados para o crescimento econ\u00f4mico sustent\u00e1vel\u201d, argumenta. \n <\/p>\n<h2> <\/h2>\n<p> Fonte: Brasil61<\/p>\n<input type=\"hidden\" id=\"baseurl\" value=\"https:\/\/noticiasdestaque.com.br\"><input type=\"hidden\" id=\"audio_nonce\" value=\"6f73a554f1\">","protected":false},"excerpt":{"rendered":"<p>O compromisso com o Acordo de Paris e a adapta\u00e7\u00e3o \u00e0 mudan\u00e7a do clima tamb\u00e9m fazem parte da pauta priorit\u00e1ria defendida pelo pa\u00eds para a Confer\u00eancia das Na\u00e7\u00f5es Unidas para o Clima (COP28)<\/p>\n","protected":false},"author":1,"featured_media":9987,"comment_status":"open","ping_status":"open","sticky":false,"template":"","format":"standard","meta":{"fifu_image_url":"","fifu_image_alt":"","footnotes":""},"categories":[1],"tags":[106],"class_list":["post-9985","post","type-post","status-publish","format-standard","has-post-thumbnail","hentry","category-uncategorized","tag-brunna-pareja"],"distributor_meta":false,"distributor_terms":false,"distributor_media":false,"distributor_original_site_name":"Noticias em Destaque","distributor_original_site_url":"https:\/\/noticiasdestaque.com.br","push-errors":false,"_links":{"self":[{"href":"https:\/\/noticiasdestaque.com.br\/index.php\/wp-json\/wp\/v2\/posts\/9985","targetHints":{"allow":["GET"]}}],"collection":[{"href":"https:\/\/noticiasdestaque.com.br\/index.php\/wp-json\/wp\/v2\/posts"}],"about":[{"href":"https:\/\/noticiasdestaque.com.br\/index.php\/wp-json\/wp\/v2\/types\/post"}],"author":[{"embeddable":true,"href":"https:\/\/noticiasdestaque.com.br\/index.php\/wp-json\/wp\/v2\/users\/1"}],"replies":[{"embeddable":true,"href":"https:\/\/noticiasdestaque.com.br\/index.php\/wp-json\/wp\/v2\/comments?post=9985"}],"version-history":[{"count":1,"href":"https:\/\/noticiasdestaque.com.br\/index.php\/wp-json\/wp\/v2\/posts\/9985\/revisions"}],"predecessor-version":[{"id":9986,"href":"https:\/\/noticiasdestaque.com.br\/index.php\/wp-json\/wp\/v2\/posts\/9985\/revisions\/9986"}],"wp:featuredmedia":[{"embeddable":true,"href":"https:\/\/noticiasdestaque.com.br\/index.php\/wp-json\/wp\/v2\/media\/9987"}],"wp:attachment":[{"href":"https:\/\/noticiasdestaque.com.br\/index.php\/wp-json\/wp\/v2\/media?parent=9985"}],"wp:term":[{"taxonomy":"category","embeddable":true,"href":"https:\/\/noticiasdestaque.com.br\/index.php\/wp-json\/wp\/v2\/categories?post=9985"},{"taxonomy":"post_tag","embeddable":true,"href":"https:\/\/noticiasdestaque.com.br\/index.php\/wp-json\/wp\/v2\/tags?post=9985"}],"curies":[{"name":"wp","href":"https:\/\/api.w.org\/{rel}","templated":true}]}}