{"id":9977,"date":"2023-09-14T13:57:00","date_gmt":"2023-09-14T13:57:00","guid":{"rendered":"https:\/\/noticiasdestaque.com.br\/index.php\/2023\/09\/14\/haddad-defende-crescimento-do-pais-maior-que-a-media-mundial\/"},"modified":"2023-09-14T13:57:00","modified_gmt":"2023-09-14T13:57:00","slug":"haddad-defende-crescimento-do-pais-maior-que-a-media-mundial","status":"publish","type":"post","link":"https:\/\/noticiasdestaque.com.br\/index.php\/2023\/09\/14\/haddad-defende-crescimento-do-pais-maior-que-a-media-mundial\/","title":{"rendered":"Haddad defende crescimento do pa\u00eds maior que a m\u00e9dia mundial"},"content":{"rendered":"<style> bloco.meta {font-style: italic; color: #666;font-weight: 600;font-size: .8em; \/* line-height: .3em; *\/}  text h2 { font-weight: 700 !important;  color: #062f46 !important;} text img { width: none; left: none;}<\/style>\n<\/p>\n<p>O ministro da Fazenda, Fernando Haddad, disse, nesta quarta-feira (13), que o Brasil, diante do seu potencial, tem a obriga\u00e7\u00e3o de crescer mais do que a m\u00e9dia mundial. Falando para uma plateia de empres\u00e1rios, em evento na capital paulista, ele destacou ainda que os anseios da sociedade brasileira s\u00e3o para que esse crescimento seja baseado na justi\u00e7a social e liberdade.<aimg src=\"https:\/\/aagenciabrasil.ebc.com.br\/ebc.apng?id=1555180 o=node\" style=\"width:1px; height:1px; display:inline;\"><\/aimg><aimg src=\"https:\/\/aagenciabrasil.ebc.com.br\/ebc.agif?id=1555180 o=node\" style=\"width:1px; height:1px; display:inline;\"><\/aimg><\/p>\n<p>\u201cOs anseios da sociedade s\u00e3o para que n\u00f3s rememos na mesma dire\u00e7\u00e3o, de um progresso sustent\u00e1vel, com justi\u00e7a social, com muita democracia, com muita liberdade, liberdade de express\u00e3o, de empreender, porque esse pa\u00eds n\u00e3o pode crescer menos do que a m\u00e9dia mundial. N\u00f3s n\u00e3o temos o direito de oferecer para a sociedade menos do que isso, com tudo o que o destino colocou nas nossas m\u00e3os\u201d, disse.<\/p>\n<p>A previs\u00e3o do mercado financeiro para o crescimento da economia brasileira tem aumentado semana a semana. Para 2023, a proje\u00e7\u00e3o subiu de 2,56% para 2,64% na \u00faltima semana. A estimativa est\u00e1 no boletim Focus, divulgado na \u00faltima segunda-feira (11) pelo Banco Central (BC).<\/p>\n<p>Para 2024, a expectativa para o Produto Interno Bruto (PIB) \u2013 a soma dos bens e servi\u00e7os produzidos no pa\u00eds \u2013 \u00e9 de crescimento de 1,47%. Para 2025, o mercado financeiro projeta expans\u00e3o do PIB em 2%. J\u00e1 segundo o Banco Mundial, o crescimento global deve ficar em 2,1%, em 2023; 2,4% em 2024; e chegar a 3%, em 2025.<\/p>\n<p>\u201cEu estou muito otimista, espero que n\u00f3s tenhamos um ciclo longo [de crescimento], depois de dez anos de muita dificuldade. Eu acho que aquilo que a gente tinha que aprender, a gente tem que ter aprendido nesses dez anos. Agora \u00e9 hora de colher os frutos desse aprendizado, nos entendermos para o bem da nossa sociedade e voltarmos a pensar numa grande na\u00e7\u00e3o\u201d, afirmou.<\/p>\n<p>Haddad destacou que as aprova\u00e7\u00f5es do arcabou\u00e7o fiscal e da reforma tribut\u00e1ria \u2013 esta ainda em tr\u00e2mite no Congresso \u2013 colaboraram para os resultados econ\u00f4micos positivos obtidos pelo pa\u00eds em 2023. Segundo o ministro, foi estabelecido um elo de confian\u00e7a entre o Parlamento e o poder executivo federal j\u00e1 no per\u00edodo da transi\u00e7\u00e3o do governo, e que continua a dar frutos. De acordo com ele, os resultados econ\u00f4micos de agora contaram com o envolvimento direto do Congresso.<\/p>\n<p>\u201cEu penso que n\u00f3s soubemos conduzir junto com o Parlamento essa confian\u00e7a que foi estabelecida na transi\u00e7\u00e3o e ela se perpetuou. N\u00f3s tivemos um primeiro semestre como h\u00e1 muito tempo n\u00e3o se via do ponto de vista de produtividade legislativa\u201d, disse.<\/p>\n<p class=\"alt-font font-italic my-2 small text-info\">\n                                                Edi\u00e7\u00e3o:   Marcelo Brand\u00e3o                    <\/p>\n<p>            <!-- blog End --><\/p>\n<p>            <!-- tag and share --><\/p>\n<p> Fonte: EBC <\/p>\n<input type=\"hidden\" id=\"baseurl\" value=\"https:\/\/noticiasdestaque.com.br\"><input type=\"hidden\" id=\"audio_nonce\" value=\"6f73a554f1\">","protected":false},"excerpt":{"rendered":"<p>Ministro da Fazenda tamb\u00e9m citou &#8220;elo de confian\u00e7a&#8221; com o Congresso<\/p>\n","protected":false},"author":1,"featured_media":9979,"comment_status":"open","ping_status":"open","sticky":false,"template":"","format":"standard","meta":{"fifu_image_url":"","fifu_image_alt":"","footnotes":""},"categories":[1],"tags":[107],"class_list":["post-9977","post","type-post","status-publish","format-standard","has-post-thumbnail","hentry","category-uncategorized","tag-closer-vendedor-milionario"],"distributor_meta":false,"distributor_terms":false,"distributor_media":false,"distributor_original_site_name":"Noticias em Destaque","distributor_original_site_url":"https:\/\/noticiasdestaque.com.br","push-errors":false,"_links":{"self":[{"href":"https:\/\/noticiasdestaque.com.br\/index.php\/wp-json\/wp\/v2\/posts\/9977","targetHints":{"allow":["GET"]}}],"collection":[{"href":"https:\/\/noticiasdestaque.com.br\/index.php\/wp-json\/wp\/v2\/posts"}],"about":[{"href":"https:\/\/noticiasdestaque.com.br\/index.php\/wp-json\/wp\/v2\/types\/post"}],"author":[{"embeddable":true,"href":"https:\/\/noticiasdestaque.com.br\/index.php\/wp-json\/wp\/v2\/users\/1"}],"replies":[{"embeddable":true,"href":"https:\/\/noticiasdestaque.com.br\/index.php\/wp-json\/wp\/v2\/comments?post=9977"}],"version-history":[{"count":1,"href":"https:\/\/noticiasdestaque.com.br\/index.php\/wp-json\/wp\/v2\/posts\/9977\/revisions"}],"predecessor-version":[{"id":9978,"href":"https:\/\/noticiasdestaque.com.br\/index.php\/wp-json\/wp\/v2\/posts\/9977\/revisions\/9978"}],"wp:featuredmedia":[{"embeddable":true,"href":"https:\/\/noticiasdestaque.com.br\/index.php\/wp-json\/wp\/v2\/media\/9979"}],"wp:attachment":[{"href":"https:\/\/noticiasdestaque.com.br\/index.php\/wp-json\/wp\/v2\/media?parent=9977"}],"wp:term":[{"taxonomy":"category","embeddable":true,"href":"https:\/\/noticiasdestaque.com.br\/index.php\/wp-json\/wp\/v2\/categories?post=9977"},{"taxonomy":"post_tag","embeddable":true,"href":"https:\/\/noticiasdestaque.com.br\/index.php\/wp-json\/wp\/v2\/tags?post=9977"}],"curies":[{"name":"wp","href":"https:\/\/api.w.org\/{rel}","templated":true}]}}