{"id":9968,"date":"2023-09-14T11:27:00","date_gmt":"2023-09-14T11:27:00","guid":{"rendered":"https:\/\/noticiasdestaque.com.br\/index.php\/2023\/09\/14\/juiz-de-mg-determina-bloqueio-de-r-milhoes-de-socios-da-milhas\/"},"modified":"2023-09-14T11:27:00","modified_gmt":"2023-09-14T11:27:00","slug":"juiz-de-mg-determina-bloqueio-de-r-milhoes-de-socios-da-milhas","status":"publish","type":"post","link":"https:\/\/noticiasdestaque.com.br\/index.php\/2023\/09\/14\/juiz-de-mg-determina-bloqueio-de-r-milhoes-de-socios-da-milhas\/","title":{"rendered":"Juiz de MG determina bloqueio de R$ 50 milh\u00f5es de s\u00f3cios da 123Milhas"},"content":{"rendered":"<style> bloco.meta {font-style: italic; color: #666;font-weight: 600;font-size: .8em; \/* line-height: .3em; *\/}  text h2 { font-weight: 700 !important;  color: #062f46 !important;} text img { width: none; left: none;}<\/style>\n<\/p>\n<p>A Justi\u00e7a de Minas Gerais determinou nesta quarta-feira (13) o bloqueio de bens no valor de R$ 50 milh\u00f5es dos s\u00f3cios da 123Milhas. Com a decis\u00e3o, o patrim\u00f4nio pessoal de Ramiro Madureira e Augusto Madureira ser\u00e3o bloqueados para garantir o pagamento de cr\u00e9ditos aos consumidores lesados. <aimg src=\"https:\/\/aagenciabrasil.ebc.com.br\/ebc.apng?id=1555170 o=node\" style=\"width:1px; height:1px; display:inline;\"><\/aimg><aimg src=\"https:\/\/aagenciabrasil.ebc.com.br\/ebc.agif?id=1555170 o=node\" style=\"width:1px; height:1px; display:inline;\"><\/aimg><\/p>\n<p>A decis\u00e3o foi proferida pelo juiz Eduardo Henrique de Oliveira, da 15\u00aa Vara C\u00edvel de Belo Horizonte. O magistrado aceitou pedido do Minist\u00e9rio Publico para desconsiderar a personalidade jur\u00eddica da empresa e bloquear os bens pessoais dos s\u00f3cios. <\/p>\n<p>\u201cEst\u00e3o presentes a probabilidade do direito e o risco ao resultado \u00fatil do processo, este caracterizado pela necessidade de n\u00e3o obstaculizar a integral repara\u00e7\u00e3o dos danos causados, resguardando-se de pronto algum numer\u00e1rio para o ressarcimento futuro dos milhares de consumidores lesados, devendo preponderar o interesse coletivo, em detrimento da separa\u00e7\u00e3o entre a pessoa jur\u00eddica e seus s\u00f3cios\u201d, decidiu o juiz. <\/p>\n<p>No m\u00eas passado, a 123 Milhas suspendeu a emiss\u00e3o de passagens para embarque previsto entre setembro e dezembro deste ano. O cancelamento foi aplicado aos bilhetes da &#8220;Linha Promo&#8221;. O preju\u00edzo aos consumidores \u00e9 investigado pela Justi\u00e7a e a Secretaria Nacional do Consumidor (Senacon). <\/p>\n<p>Procurada pela <strong>Ag\u00eancia Brasil<\/strong>, a empresa declarou que ainda n\u00e3o foi notificada da decis\u00e3o, mas vai recorrer dentro do prazo legal. <\/p>\n<h2>&#8220;Neg\u00f3cio equivocado&#8221;<\/h2>\n<p>Em depoimento \u00e0 CPI das Pir\u00e2mides Financeiras na C\u00e2mara dos Deputados, no in\u00edcio do m\u00eas, o s\u00f3cio da 123Milhas, Ramiro Madureira, disse que o modelo de<a href=\"https:\/\/agenciabrasil.ebc.com.br\/geral\/noticia\/2023-09\/socio-da-123milhas-diz-que-modelo-de-negocio-mostrou-se-equivocado\" target=\"_blank\"> neg\u00f3cio equivocado <\/a>levou \u00e0 fal\u00eancia da empresa.<\/p>\n<p>Segundo ele, a empresa acreditava que os custos iriam reduzir a partir da recupera\u00e7\u00e3o do mercado de viagens ap\u00f3s a pandemia, o que n\u00e3o ocorreu. O modelo dependia de novas compras no site, que foi menor que o esperado. Na linha promocional, a Promo, os clientes compravam passagens com datas flex\u00edveis.<\/p>\n<p class=\"alt-font font-italic my-2 small text-info\">\n                                                Edi\u00e7\u00e3o:   Carolina Pimentel                    <\/p>\n<p>            <!-- blog End --><\/p>\n<p>            <!-- tag and share --><\/p>\n<p> Fonte: EBC <\/p>\n<input type=\"hidden\" id=\"baseurl\" value=\"https:\/\/noticiasdestaque.com.br\"><input type=\"hidden\" id=\"audio_nonce\" value=\"6f73a554f1\">","protected":false},"excerpt":{"rendered":"<p>Empresa informou que vai recorrer de decis\u00e3o judicial<\/p>\n","protected":false},"author":1,"featured_media":9970,"comment_status":"open","ping_status":"open","sticky":false,"template":"","format":"standard","meta":{"fifu_image_url":"","fifu_image_alt":"","footnotes":""},"categories":[1],"tags":[106],"class_list":["post-9968","post","type-post","status-publish","format-standard","has-post-thumbnail","hentry","category-uncategorized","tag-brunna-pareja"],"distributor_meta":false,"distributor_terms":false,"distributor_media":false,"distributor_original_site_name":"Noticias em Destaque","distributor_original_site_url":"https:\/\/noticiasdestaque.com.br","push-errors":false,"_links":{"self":[{"href":"https:\/\/noticiasdestaque.com.br\/index.php\/wp-json\/wp\/v2\/posts\/9968","targetHints":{"allow":["GET"]}}],"collection":[{"href":"https:\/\/noticiasdestaque.com.br\/index.php\/wp-json\/wp\/v2\/posts"}],"about":[{"href":"https:\/\/noticiasdestaque.com.br\/index.php\/wp-json\/wp\/v2\/types\/post"}],"author":[{"embeddable":true,"href":"https:\/\/noticiasdestaque.com.br\/index.php\/wp-json\/wp\/v2\/users\/1"}],"replies":[{"embeddable":true,"href":"https:\/\/noticiasdestaque.com.br\/index.php\/wp-json\/wp\/v2\/comments?post=9968"}],"version-history":[{"count":1,"href":"https:\/\/noticiasdestaque.com.br\/index.php\/wp-json\/wp\/v2\/posts\/9968\/revisions"}],"predecessor-version":[{"id":9969,"href":"https:\/\/noticiasdestaque.com.br\/index.php\/wp-json\/wp\/v2\/posts\/9968\/revisions\/9969"}],"wp:featuredmedia":[{"embeddable":true,"href":"https:\/\/noticiasdestaque.com.br\/index.php\/wp-json\/wp\/v2\/media\/9970"}],"wp:attachment":[{"href":"https:\/\/noticiasdestaque.com.br\/index.php\/wp-json\/wp\/v2\/media?parent=9968"}],"wp:term":[{"taxonomy":"category","embeddable":true,"href":"https:\/\/noticiasdestaque.com.br\/index.php\/wp-json\/wp\/v2\/categories?post=9968"},{"taxonomy":"post_tag","embeddable":true,"href":"https:\/\/noticiasdestaque.com.br\/index.php\/wp-json\/wp\/v2\/tags?post=9968"}],"curies":[{"name":"wp","href":"https:\/\/api.w.org\/{rel}","templated":true}]}}