{"id":9962,"date":"2023-09-14T12:27:00","date_gmt":"2023-09-14T12:27:00","guid":{"rendered":"https:\/\/noticiasdestaque.com.br\/index.php\/2023\/09\/14\/inflacao-sobe-na-primeira-semana-de-setembro-de\/"},"modified":"2023-09-14T12:27:00","modified_gmt":"2023-09-14T12:27:00","slug":"inflacao-sobe-na-primeira-semana-de-setembro-de","status":"publish","type":"post","link":"https:\/\/noticiasdestaque.com.br\/index.php\/2023\/09\/14\/inflacao-sobe-na-primeira-semana-de-setembro-de\/","title":{"rendered":"Infla\u00e7\u00e3o sobe na primeira semana de setembro de 2023"},"content":{"rendered":"<p>O \u00cdndice de Pre\u00e7os ao Consumidor Semanal (<a href=\"https:\/\/portalibre.fgv.br\/noticias\/inflacao-pelo-ipc-s-cai-002-na-primeira-quadrissemana-de-setembro\">IPC-S<\/a>) subiu na primeira semana de setembro, em compara\u00e7\u00e3o com a semana imediatamente anterior. <\/p>\n<p>Apesar da alta, o \u00edndice ainda se encontra em um patamar negativo de 0,02% na primeira semana de setembro. <\/p>\n<p>A \u00faltima semana de agosto havia registrado infla\u00e7\u00e3o negativa de 0,22%.<\/p>\n<p>Nos \u00faltimos 12 meses, o indicador acumula alta de 3,86%. <\/p>\n<p>Quatro das oito classes de despesa componentes do \u00edndice registraram acr\u00e9scimo em suas taxas de varia\u00e7\u00e3o. <\/p>\n<p>A maior contribui\u00e7\u00e3o para o resultado do IPC-S partiu do grupo educa\u00e7\u00e3o, leitura e recrea\u00e7\u00e3o, cuja taxa passou do valor negativo anterior de 2,76% para o valor negativo de 1,59%. Nesta categoria, cabe mencionar a varia\u00e7\u00e3o do \u00edndice de passagem a\u00e9rea, que subiu do valor negativo de 16,33% para 11,30%.<\/p>\n<p>Tamb\u00e9m, registraram acr\u00e9scimo em suas taxas de varia\u00e7\u00e3o os grupos: transportes (0,39% para 0,95%), alimenta\u00e7\u00e3o (-0,84% para -0,68%) e comunica\u00e7\u00e3o (0,03% para 0,06%). Nestas classes de despesa, vale destacar o comportamento dos itens: gasolina (1,24% para 2,75%), hortali\u00e7as e legumes (-6,87% para -4,91%) e combo de telefonia, internet e TV por assinatura (-0,23% para -0,12%).<\/p>\n<p>Por outro lado, registraram queda em suas taxas de varia\u00e7\u00e3o: sa\u00fade e cuidados pessoais (0,36% para 0,03%), despesas diversas (-0,06% para -0,18%), vestu\u00e1rio (-0,25% para -0,36%) e habita\u00e7\u00e3o (0,51% para 0,46%). Nestas classes de despesa, vale citar os itens: artigos de higiene e cuidado pessoal (0,45% para -0,79%), servi\u00e7os banc\u00e1rios (-0,05% para -0,24%), cal\u00e7ados infantis (1,80% para -0,07%) e tarifa de eletricidade residencial (2,42% para 2,07%).<\/p>\n<p>Os dados foram divulgados pelo Instituto Brasileiro de Economia, FGV IBRE. \n <\/p>\n<p> Fonte: Brasil61<\/p>\n<input type=\"hidden\" id=\"baseurl\" value=\"https:\/\/noticiasdestaque.com.br\"><input type=\"hidden\" id=\"audio_nonce\" value=\"6f73a554f1\">","protected":false},"excerpt":{"rendered":"<p>Infla\u00e7\u00e3o medida pelo IPC-S acumula alta de 3,86% nos \u00faltimos 12 meses <\/p>\n","protected":false},"author":1,"featured_media":9964,"comment_status":"open","ping_status":"open","sticky":false,"template":"","format":"standard","meta":{"fifu_image_url":"","fifu_image_alt":"","footnotes":""},"categories":[1],"tags":[107],"class_list":["post-9962","post","type-post","status-publish","format-standard","has-post-thumbnail","hentry","category-uncategorized","tag-closer-vendedor-milionario"],"distributor_meta":false,"distributor_terms":false,"distributor_media":false,"distributor_original_site_name":"Noticias em Destaque","distributor_original_site_url":"https:\/\/noticiasdestaque.com.br","push-errors":false,"_links":{"self":[{"href":"https:\/\/noticiasdestaque.com.br\/index.php\/wp-json\/wp\/v2\/posts\/9962","targetHints":{"allow":["GET"]}}],"collection":[{"href":"https:\/\/noticiasdestaque.com.br\/index.php\/wp-json\/wp\/v2\/posts"}],"about":[{"href":"https:\/\/noticiasdestaque.com.br\/index.php\/wp-json\/wp\/v2\/types\/post"}],"author":[{"embeddable":true,"href":"https:\/\/noticiasdestaque.com.br\/index.php\/wp-json\/wp\/v2\/users\/1"}],"replies":[{"embeddable":true,"href":"https:\/\/noticiasdestaque.com.br\/index.php\/wp-json\/wp\/v2\/comments?post=9962"}],"version-history":[{"count":1,"href":"https:\/\/noticiasdestaque.com.br\/index.php\/wp-json\/wp\/v2\/posts\/9962\/revisions"}],"predecessor-version":[{"id":9963,"href":"https:\/\/noticiasdestaque.com.br\/index.php\/wp-json\/wp\/v2\/posts\/9962\/revisions\/9963"}],"wp:featuredmedia":[{"embeddable":true,"href":"https:\/\/noticiasdestaque.com.br\/index.php\/wp-json\/wp\/v2\/media\/9964"}],"wp:attachment":[{"href":"https:\/\/noticiasdestaque.com.br\/index.php\/wp-json\/wp\/v2\/media?parent=9962"}],"wp:term":[{"taxonomy":"category","embeddable":true,"href":"https:\/\/noticiasdestaque.com.br\/index.php\/wp-json\/wp\/v2\/categories?post=9962"},{"taxonomy":"post_tag","embeddable":true,"href":"https:\/\/noticiasdestaque.com.br\/index.php\/wp-json\/wp\/v2\/tags?post=9962"}],"curies":[{"name":"wp","href":"https:\/\/api.w.org\/{rel}","templated":true}]}}