{"id":9959,"date":"2023-09-14T11:27:00","date_gmt":"2023-09-14T11:27:00","guid":{"rendered":"https:\/\/noticiasdestaque.com.br\/index.php\/2023\/09\/14\/queda-nas-exportacoes-baianas-e-motivada-pelo-recuo-no-embarque-de-derivados-de-petroleo\/"},"modified":"2023-09-14T11:27:00","modified_gmt":"2023-09-14T11:27:00","slug":"queda-nas-exportacoes-baianas-e-motivada-pelo-recuo-no-embarque-de-derivados-de-petroleo","status":"publish","type":"post","link":"https:\/\/noticiasdestaque.com.br\/index.php\/2023\/09\/14\/queda-nas-exportacoes-baianas-e-motivada-pelo-recuo-no-embarque-de-derivados-de-petroleo\/","title":{"rendered":"Queda nas exporta\u00e7\u00f5es baianas \u00e9 motivada pelo recuo no embarque de derivados de petr\u00f3leo"},"content":{"rendered":"<p>Diminui\u00e7\u00e3o nas exporta\u00e7\u00f5es baianas foi impulsionada pela queda nos embarques de derivados de petr\u00f3leo. Em agosto, as vendas externas da Bahia totalizaram US$ 736,8 milh\u00f5es, refletindo uma redu\u00e7\u00e3o de 39% em compara\u00e7\u00e3o ao mesmo per\u00edodo do ano anterior.<\/p>\n<p>O coordenador de Com\u00e9rcio Exterior da superintend\u00eancia de estudos econ\u00f4micos e sociais da Bahia (SEI) , Arthur Cruz, avalia que o setor de derivados do petr\u00f3leo surfou na alta de pre\u00e7os no mercado mundial em 2022, devido \u00e0 guerra da Ucr\u00e2nia e aos efeitos da pandemia.<\/p>\n<p>\u201cEnt\u00e3o esse ano a gente est\u00e1 tendo uma baixa atividade nessa \u00e1rea, ou seja, as exporta\u00e7\u00f5es do setor v\u00eam tendo uma redu\u00e7\u00e3o significativa por conta da redu\u00e7\u00e3o dos pre\u00e7os desse produto em rela\u00e7\u00e3o ao ano passado\u201d, explica.<\/p>\n<p>De acordo com a SEI, os embarques de derivados de petr\u00f3leo, que lideraram as exporta\u00e7\u00f5es baianas em 2022, sofreram uma queda expressiva de 97,4% no m\u00eas passado e de 21,4% no acumulado do ano. Em 2023, os pre\u00e7os m\u00e9dios desse setor diminu\u00edram 30,7% em rela\u00e7\u00e3o ao ano anterior. <\/p>\n<p>O especialista comenta que as exporta\u00e7\u00f5es de modo geral movem e dinamizam a atividade econ\u00f4mica, geram empregos, impactam na renda, elevam o padr\u00e3o de vida de todos os envolvidos na atividade \u2014  mas principalmente geram uma oportunidade de neg\u00f3cio para as empresas e incentivam a moderniza\u00e7\u00e3o e a inova\u00e7\u00e3o.<\/p>\n<p>\u201cEnt\u00e3o voc\u00ea tem que investir em inova\u00e7\u00e3o e em produtividade, al\u00e9m de um modo geral promoverem a manuten\u00e7\u00e3o da qualifica\u00e7\u00e3o de recursos humanos e evolu\u00e7\u00e3o da atividade econ\u00f4mica, como modo geral, porque o com\u00e9rcio exterior faz parte da atividade econ\u00f4mica e o seu bom andamento, o seu bom funcionamento gera riqueza e renda atividade para a atividade econ\u00f4mica\u201d, ressalta.<\/p>\n<p>Em agosto, o estado registrou queda de 38,9% no volume de suas exporta\u00e7\u00f5es. No acumulado do ano, a redu\u00e7\u00e3o \u00e9 de 10,7%, impactada principalmente pela diminui\u00e7\u00e3o nos embarques de produtos como derivados de petr\u00f3leo (21,4%), complexo soja (8,3%), celulose (1,7%) e produtos petroqu\u00edmicos (12,2%).<\/p>\n<p>Arthur Cruz acredita que, no segundo semestre, as exporta\u00e7\u00f5es continuar\u00e3o apresentando uma queda significativa nos pre\u00e7os em compara\u00e7\u00e3o com o ano anterior. Ele atribui essa tend\u00eancia ao encerramento do per\u00edodo sazonal de embargos \u00e0 soja e aos gr\u00e3os em geral, que ocorre majoritariamente no primeiro semestre.\n <\/p>\n<p><strong>Veja Mais:<\/strong><\/p>\n<p>\n<a href=\"https:\/\/brasil61.com\/n\/uniao-europeia-ue-importou-us-50-9-bi-do-brasil-em-2022-de-acordo-com-o-comex-stat-pind234228\" target=\"_blank\">Uni\u00e3o Europeia (UE) importou US$ 50,9 bi do Brasil em 2022, de acordo com o Comex Stat<\/a>\n <\/p>\n<p> Fonte: Brasil61<\/p>\n<input type=\"hidden\" id=\"baseurl\" value=\"https:\/\/noticiasdestaque.com.br\"><input type=\"hidden\" id=\"audio_nonce\" value=\"6f73a554f1\">","protected":false},"excerpt":{"rendered":"<p>Em agosto, as vendas externas da Bahia totalizaram US$ 736,8 milh\u00f5es, refletindo uma redu\u00e7\u00e3o de 39% em compara\u00e7\u00e3o ao mesmo per\u00edodo do ano anterior<\/p>\n","protected":false},"author":1,"featured_media":9961,"comment_status":"open","ping_status":"open","sticky":false,"template":"","format":"standard","meta":{"fifu_image_url":"","fifu_image_alt":"","footnotes":""},"categories":[1],"tags":[107],"class_list":["post-9959","post","type-post","status-publish","format-standard","has-post-thumbnail","hentry","category-uncategorized","tag-closer-vendedor-milionario"],"distributor_meta":false,"distributor_terms":false,"distributor_media":false,"distributor_original_site_name":"Noticias em Destaque","distributor_original_site_url":"https:\/\/noticiasdestaque.com.br","push-errors":false,"_links":{"self":[{"href":"https:\/\/noticiasdestaque.com.br\/index.php\/wp-json\/wp\/v2\/posts\/9959","targetHints":{"allow":["GET"]}}],"collection":[{"href":"https:\/\/noticiasdestaque.com.br\/index.php\/wp-json\/wp\/v2\/posts"}],"about":[{"href":"https:\/\/noticiasdestaque.com.br\/index.php\/wp-json\/wp\/v2\/types\/post"}],"author":[{"embeddable":true,"href":"https:\/\/noticiasdestaque.com.br\/index.php\/wp-json\/wp\/v2\/users\/1"}],"replies":[{"embeddable":true,"href":"https:\/\/noticiasdestaque.com.br\/index.php\/wp-json\/wp\/v2\/comments?post=9959"}],"version-history":[{"count":1,"href":"https:\/\/noticiasdestaque.com.br\/index.php\/wp-json\/wp\/v2\/posts\/9959\/revisions"}],"predecessor-version":[{"id":9960,"href":"https:\/\/noticiasdestaque.com.br\/index.php\/wp-json\/wp\/v2\/posts\/9959\/revisions\/9960"}],"wp:featuredmedia":[{"embeddable":true,"href":"https:\/\/noticiasdestaque.com.br\/index.php\/wp-json\/wp\/v2\/media\/9961"}],"wp:attachment":[{"href":"https:\/\/noticiasdestaque.com.br\/index.php\/wp-json\/wp\/v2\/media?parent=9959"}],"wp:term":[{"taxonomy":"category","embeddable":true,"href":"https:\/\/noticiasdestaque.com.br\/index.php\/wp-json\/wp\/v2\/categories?post=9959"},{"taxonomy":"post_tag","embeddable":true,"href":"https:\/\/noticiasdestaque.com.br\/index.php\/wp-json\/wp\/v2\/tags?post=9959"}],"curies":[{"name":"wp","href":"https:\/\/api.w.org\/{rel}","templated":true}]}}