{"id":9515,"date":"2023-08-25T10:36:00","date_gmt":"2023-08-25T10:36:00","guid":{"rendered":"https:\/\/noticiasdestaque.com.br\/index.php\/2023\/08\/25\/primeira-emissao-de-titulos-verdes-deve-superar-us-bilhao\/"},"modified":"2023-08-25T10:36:00","modified_gmt":"2023-08-25T10:36:00","slug":"primeira-emissao-de-titulos-verdes-deve-superar-us-bilhao","status":"publish","type":"post","link":"https:\/\/noticiasdestaque.com.br\/index.php\/2023\/08\/25\/primeira-emissao-de-titulos-verdes-deve-superar-us-bilhao\/","title":{"rendered":"Primeira emiss\u00e3o de t\u00edtulos verdes deve superar US$ 1 bilh\u00e3o"},"content":{"rendered":"<style> bloco.meta {font-style: italic; color: #666;font-weight: 600;font-size: .8em; \/* line-height: .3em; *\/}  text h2 { font-weight: 700 !important;  color: #062f46 !important;} text img { width: none; left: none;}<\/style>\n<\/p>\n<p>A primeira emiss\u00e3o de t\u00edtulos p\u00fablicos sustent\u00e1veis dever\u00e1 superar US$ 1 bilh\u00e3o, disse nesta quinta-feira (24) o secret\u00e1rio do Tesouro Nacional, Rog\u00e9rio Ceron. Segundo ele, o volume exato n\u00e3o pode ser informado por quest\u00f5es de mercado.<aimg src=\"https:\/\/aagenciabrasil.ebc.com.br\/ebc.apng?id=1551054 o=node\" style=\"width:1px; height:1px; display:inline;\"><\/aimg><aimg src=\"https:\/\/aagenciabrasil.ebc.com.br\/ebc.agif?id=1551054 o=node\" style=\"width:1px; height:1px; display:inline;\"><\/aimg><\/p>\n<p>T\u00edtulos federais lan\u00e7ados no exterior, os pap\u00e9is s\u00e3o vinculados a compromissos com o meio ambiente. Em vez de receber meros juros financeiros, investidores estrangeiros receberiam os rendimentos de um projeto sustent\u00e1vel, que ficariam entre 6,15% e 8% para os compradores dos t\u00edtulos.<\/p>\n<p>Essa ser\u00e1 a<a href=\"https:\/\/agenciabrasil.ebc.com.br\/geral\/noticia\/2023-08\/fundo-do-clima-tera-r-10-bilhoes-para-financiar-projetos-sustentaveis\" target=\"_blank\"> mesma taxa de retorno do Fundo Nacional sobre Mudan\u00e7a do Clima<\/a>, relan\u00e7ado nesta quinta-feira e que receber\u00e1 parte dos recursos das emiss\u00f5es dos t\u00edtulos.<\/p>\n<p>Inicialmente<a href=\"https:\/\/agenciabrasil.ebc.com.br\/economia\/noticia\/2023-06\/tesouro-pretende-lancar-titulos-sustentaveis-partir-de-setembr\" target=\"_blank\"> prevista para ocorrer em setembro<\/a>, a emiss\u00e3o agora tem a previs\u00e3o, segundo Ceron, de ocorrer ao longo do segundo semestre. O secret\u00e1rio, no entanto, n\u00e3o descartou a possibilidade de que a opera\u00e7\u00e3o seja adiada para o in\u00edcio de 2024, conforme a melhor \u201cjanela de mercado\u201d para escolher a data.<\/p>\n<p>\u201c\u00c9 prov\u00e1vel que tenhamos condi\u00e7\u00e3o de materializar emiss\u00e3o de t\u00edtulos neste ano. Caso aconte\u00e7a algo que demande ser no come\u00e7o de 2024, isso n\u00e3o seria um problema\u201d, disse Ceron em entrevista coletiva ap\u00f3s reuni\u00e3o do Conselho Monet\u00e1rio Nacional (CMN).<\/p>\n<h2>Transi\u00e7\u00e3o ecol\u00f3gica<\/h2>\n<p>Ministro interino da Fazenda durante a viagem de Fernando Haddad \u00e0 \u00c1frica, o secret\u00e1rio-executivo da pasta, Dario Durigan, disse que os t\u00edtulos sustent\u00e1veis ajudar\u00e3o a viabilizar o plano de transi\u00e7\u00e3o ecol\u00f3gica do governo.<\/p>\n<blockquote>\n<p>\u201cEsses pap\u00e9is s\u00e3o aguardados pelo mundo. Temos muita expectativa que a transi\u00e7\u00e3o ecol\u00f3gica fa\u00e7a parte do plano econ\u00f4mico desse governo. O Fundo Clima \u00e9 pe\u00e7a-chave de concretiza\u00e7\u00e3o desse plano de transi\u00e7\u00e3o ecol\u00f3gica\u201d, declarou.<\/p>\n<\/blockquote>\n<p>Durigan tamb\u00e9m disse que todos os passos legais, de cumprimento de requisitos, foram dados para o lan\u00e7amento dos t\u00edtulos sustent\u00e1veis.<\/p>\n<h2>Risco cambial<\/h2>\n<p>Apesar de as emiss\u00f5es ocorrerem em d\u00f3lares, o secret\u00e1rio do Tesouro disse que a opera\u00e7\u00e3o n\u00e3o traz risco cambial para o Brasil, aumento da d\u00edvida por causa de uma eventual desvaloriza\u00e7\u00e3o do real. Segundo Ceron, se o d\u00f3lar dobrar de valor, o pa\u00eds diminui sua d\u00edvida l\u00edquida porque as reservas internacionais se valorizariam ao serem convertidas em reais.<\/p>\n<p>Atualmente em US$ 342,732 bilh\u00f5es, as reservas internacionais servem como uma esp\u00e9cie de seguro em caso de desvaloriza\u00e7\u00e3o cambial por abaterem o c\u00e1lculo da d\u00edvida l\u00edquida, que confronta os ativos e os passivos do governo. A d\u00edvida bruta, no entanto, sobe em caso de alta do d\u00f3lar.<\/p>\n<h2>Fundo Clima<\/h2>\n<p>Na reuni\u00e3o desta quinta-feira (24), o Conselho Monet\u00e1rio Nacional regulamentou o Fundo Nacional sobre Mudan\u00e7a do Clima (Fundo Clima). Com R$ 10 bilh\u00f5es previstos para financiar projetos de desenvolvimento sustent\u00e1vel, o fundo, existente desde 2009 e operado pelo Minist\u00e9rio do Meio Ambiente, ter\u00e1 taxas de retorno de 6,15% a 8%, as mesmas das emiss\u00f5es dos t\u00edtulos verdes. Essas s\u00e3o as taxas que os projetos financiados dever\u00e3o gerar para o fundo.<\/p>\n<p>O n\u00edvel m\u00ednimo de 6,15% considerou os juros da \u00faltima <a href=\"https:\/\/agenciabrasil.ebc.com.br\/economia\/noticia\/2023-04\/tesouro-capta-us-225-bi-no-exterior-com-juros-mais-altos\" target=\"_blank\">emiss\u00e3o de pap\u00e9is do Tesouro no exterior<\/a>. Anteriormente, as taxas de retorno dos empr\u00e9stimos para o Fundo Clima estavam entre 0,1% e 3%.<\/p>\n<p>Haver\u00e1 exce\u00e7\u00e3o para projetos em \u00e1reas com demanda menor por recursos e menos atrativas. Nesse caso, as taxas poder\u00e3o ser de no m\u00ednimo 1%. Entre os tipos de projetos na lista de exce\u00e7\u00f5es, est\u00e3o os destinados ao desenvolvimento sustent\u00e1vel de florestas nativas e \u00e0 prote\u00e7\u00e3o de recursos h\u00eddricos. A expectativa \u00e9 que os projetos de menor atratividade consumam apenas 8% dos recursos do Fundo Clima.<\/p>\n<p>Em rela\u00e7\u00e3o aos projetos mais atrativos, que ter\u00e3o taxas de retorno maiores e consumir\u00e3o os 92% restantes do fundo, est\u00e3o empreendimentos de transi\u00e7\u00e3o energ\u00e9tica, ind\u00fastria verde e gest\u00e3o de res\u00edduos s\u00f3lidos. A resolu\u00e7\u00e3o aprovada pelo CMN entra em vigor em 1\u00ba de setembro.<\/p>\n<p class=\"alt-font font-italic my-2 small text-info\">\n                                                Edi\u00e7\u00e3o:   Carolina Pimentel                    <\/p>\n<p>            <!-- blog End --><\/p>\n<p>            <!-- tag and share --><\/p>\n<p> Fonte: EBC <\/p>\n<input type=\"hidden\" id=\"baseurl\" value=\"https:\/\/noticiasdestaque.com.br\"><input type=\"hidden\" id=\"audio_nonce\" value=\"34245022d4\">","protected":false},"excerpt":{"rendered":"<p>Estimativa foi passada por secret\u00e1rio do Tesouro Nacional<\/p>\n","protected":false},"author":1,"featured_media":9517,"comment_status":"open","ping_status":"open","sticky":false,"template":"","format":"standard","meta":{"fifu_image_url":"","fifu_image_alt":"","footnotes":""},"categories":[1],"tags":[106],"class_list":["post-9515","post","type-post","status-publish","format-standard","has-post-thumbnail","hentry","category-uncategorized","tag-brunna-pareja"],"distributor_meta":false,"distributor_terms":false,"distributor_media":false,"distributor_original_site_name":"Noticias em Destaque","distributor_original_site_url":"https:\/\/noticiasdestaque.com.br","push-errors":false,"_links":{"self":[{"href":"https:\/\/noticiasdestaque.com.br\/index.php\/wp-json\/wp\/v2\/posts\/9515","targetHints":{"allow":["GET"]}}],"collection":[{"href":"https:\/\/noticiasdestaque.com.br\/index.php\/wp-json\/wp\/v2\/posts"}],"about":[{"href":"https:\/\/noticiasdestaque.com.br\/index.php\/wp-json\/wp\/v2\/types\/post"}],"author":[{"embeddable":true,"href":"https:\/\/noticiasdestaque.com.br\/index.php\/wp-json\/wp\/v2\/users\/1"}],"replies":[{"embeddable":true,"href":"https:\/\/noticiasdestaque.com.br\/index.php\/wp-json\/wp\/v2\/comments?post=9515"}],"version-history":[{"count":1,"href":"https:\/\/noticiasdestaque.com.br\/index.php\/wp-json\/wp\/v2\/posts\/9515\/revisions"}],"predecessor-version":[{"id":9516,"href":"https:\/\/noticiasdestaque.com.br\/index.php\/wp-json\/wp\/v2\/posts\/9515\/revisions\/9516"}],"wp:featuredmedia":[{"embeddable":true,"href":"https:\/\/noticiasdestaque.com.br\/index.php\/wp-json\/wp\/v2\/media\/9517"}],"wp:attachment":[{"href":"https:\/\/noticiasdestaque.com.br\/index.php\/wp-json\/wp\/v2\/media?parent=9515"}],"wp:term":[{"taxonomy":"category","embeddable":true,"href":"https:\/\/noticiasdestaque.com.br\/index.php\/wp-json\/wp\/v2\/categories?post=9515"},{"taxonomy":"post_tag","embeddable":true,"href":"https:\/\/noticiasdestaque.com.br\/index.php\/wp-json\/wp\/v2\/tags?post=9515"}],"curies":[{"name":"wp","href":"https:\/\/api.w.org\/{rel}","templated":true}]}}