{"id":9479,"date":"2023-08-24T22:19:00","date_gmt":"2023-08-24T22:19:00","guid":{"rendered":"https:\/\/noticiasdestaque.com.br\/index.php\/2023\/08\/24\/cnj-pede-explicacao-sobre-morte-de-lider-quilombola\/"},"modified":"2023-08-24T22:19:00","modified_gmt":"2023-08-24T22:19:00","slug":"cnj-pede-explicacao-sobre-morte-de-lider-quilombola","status":"publish","type":"post","link":"https:\/\/noticiasdestaque.com.br\/index.php\/2023\/08\/24\/cnj-pede-explicacao-sobre-morte-de-lider-quilombola\/","title":{"rendered":"CNJ pede explica\u00e7\u00e3o sobre morte de l\u00edder quilombola"},"content":{"rendered":"<style> bloco.meta {font-style: italic; color: #666;font-weight: 600;font-size: .8em; \/* line-height: .3em; *\/}  text h2 { font-weight: 700 !important;  color: #062f46 !important;} text img { width: none; left: none;}<\/style>\n<\/p>\n<p>A presidenta do Supremo Tribunal Federal (STF), ministra Rosa Weber, prometeu que o Conselho Nacional de Justi\u00e7a (CNJ) seguir\u00e1 empenhado em cobrar das autoridades respons\u00e1veis o esclarecimento do <a href=\"https:\/\/agenciabrasil.ebc.com.br\/direitos-humanos\/noticia\/2023-08\/lider-quilombola-de-pitanga-dos-palmares-e-executada-na-bahia\" target=\"_blank\">assassinato da l\u00edder quilombola Maria Bernadete Pac\u00edfico<\/a>, de 72 anos. M\u00e3e Bernadete, como era conhecida a l\u00edder do Quilombo Pitanga dos Palmares e ex-secret\u00e1ria de Promo\u00e7\u00e3o da Igualdade Racial de Sim\u00f5es Filho (BA), foi morta a tiros na \u00faltima quinta-feira (17).<aimg src=\"https:\/\/aagenciabrasil.ebc.com.br\/ebc.apng?id=1550304 o=node\" style=\"width:1px; height:1px; display:inline;\"><\/aimg><aimg src=\"https:\/\/aagenciabrasil.ebc.com.br\/ebc.agif?id=1550304 o=node\" style=\"width:1px; height:1px; display:inline;\"><\/aimg><\/p>\n<p>\u201cEu n\u00e3o esquecerei. E o Conselho Nacional de Justi\u00e7a vai continuar se empenhando e questionando no sentido do esclarecimento deste b\u00e1rbaro assassinato\u201d, afirmou a ministra ao abrir a sess\u00e3o plen\u00e1ria do conselho, nesta ter\u00e7a-feira (22).<\/p>\n<p>Na condi\u00e7\u00e3o de presidente do STF, Rosa Weber tamb\u00e9m preside o CNJ. A ministra deixar\u00e1 a presid\u00eancia da Corte e do conselho em 28 de setembro pr\u00f3ximo, quando ser\u00e1 substitu\u00edda pelo ministro Lu\u00eds Roberto Barroso. Como completa 75 anos de idade no in\u00edcio de outubro, a ministra ter\u00e1 que se aposentar compulsoriamente, deixando o STF.<\/p>\n<p>Visivelmente emocionada, Rosa Weber lembrou que esteve com M\u00e3e Bernadete em julho deste ano, quando visitou o Quilombo Quingoma, em Lauro de Freitas, na regi\u00e3o metropolitana de Salvador. E que, ap\u00f3s isso, manifestou diretamente ao governador da Bahia, Jer\u00f4nimo Rodrigues, sua \u201cenorme preocupa\u00e7\u00e3o\u201d com a situa\u00e7\u00e3o de precariedade que testemunhou e com os relatos que ouviu de lideran\u00e7as quilombolas que participavam de um encontro no Quilombo Quingoma.<\/p>\n<p>\u201cTivemos conhecimento de todas as dificuldades que estas comunidades enfrentam. No mesmo dia, em contato com o governador da Bahia, externei a ele minha enorme preocupa\u00e7\u00e3o com o que vira; com a pobreza e com as dificuldades enfrentadas [por quilombolas]\u201d, acrescentou a <a href=\"https:\/\/agenciabrasil.ebc.com.br\/geral\/noticia\/2023-08\/lula-e-rosa-weber-lamentam-morte-de-lideranca-quilombola-na-bahia\" target=\"_blank\">ministra, que j\u00e1 tinha cobrado<\/a> o esclarecimento do caso um dia ap\u00f3s o assassinato.<\/p>\n<p>Em julho, ap\u00f3s conversar com lideran\u00e7as quilombolas da Bahia, a ministra anunciou a instala\u00e7\u00e3o de <a href=\"https:\/\/atos.cnj.jus.br\/atos\/detalhar\/5203\" target=\"_blank\">um grupo de trabalho do CNJ<\/a> para elaborar estudos e propostas de aperfei\u00e7oamento da atua\u00e7\u00e3o do Poder Judici\u00e1rio em casos envolvendo a posse, propriedade e titula\u00e7\u00e3o envolvendo comunidades quilombolas. O GT ser\u00e1 presidido pelo conselheiro Vieira de Mello Filho.<\/p>\n<p>\u201cEm fun\u00e7\u00e3o desta portaria, quando percorri cinco capitais fazendo o lan\u00e7amento dos mutir\u00f5es carcer\u00e1rios [do CNJ], fomos eu e a equipe que me acompanhava visitar o Quilombo Quingoma, nas cercanias de Salvador. [\u2026] Conheci a chamada M\u00e3e Bernadete, que nos relatou sua hist\u00f3ria, o assassinato do seu filho. Uma defensora, uma lutadora pelos direitos humanos. E que, inclusive, [estava], teoricamente, sob prote\u00e7\u00e3o, com c\u00e2meras de v\u00eddeo instaladas em sua casa h\u00e1 alguns anos.\u201d<\/p>\n<p>Ap\u00f3s o <a href=\"https:\/\/agenciabrasil.ebc.com.br\/direitos-humanos\/noticia\/2023-08\/bahia-revisa-programa-de-protecao-apos-assassinato-de-mae-bernadete\" target=\"_blank\">assassinato de M\u00e3e Bernadete<\/a>, o governo da Bahia decidiu revisar todos os protocolos de prote\u00e7\u00e3o de defensores de direitos humanos. O governo estadual tamb\u00e9m anunciou que est\u00e1 refor\u00e7ando a seguran\u00e7a de ativistas do Quilombo Pitanga dos Palmares, onde o crime ocorreu e de outras comunidades.<\/p>\n<p>Por precau\u00e7\u00e3o, <a href=\"https:\/\/agenciabrasil.ebc.com.br\/direitos-humanos\/noticia\/2023-08\/familiares-de-mae-bernadete-sao-retirados-da-comunidade-quilombola\" target=\"_blank\">parentes de M\u00e3e Bernadete<\/a> foram retirados da comunidade e levados para outros locais. O Departamento de Homic\u00eddios e Prote\u00e7\u00e3o \u00e0 Pessoa da Bahia n\u00e3o descarta a hip\u00f3tese do homic\u00eddio ter rela\u00e7\u00e3o com o <a href=\"https:\/\/agenciabrasil.ebc.com.br\/geral\/noticia\/2023-08\/mae-bernadete-policia-nao-descarta-relacao-com-homicidio-do-filho\" target=\"_blank\">assassinato do filho de M\u00e3e Bernadete<\/a>, Fl\u00e1vio Gabriel Pac\u00edfico dos Santos, o Binho do Quilombo, tamb\u00e9m uma lideran\u00e7a quilombola.<\/p>\n<p class=\"alt-font font-italic my-2 small text-info\">\n                                                Edi\u00e7\u00e3o:   Val\u00e9ria Aguiar                    <\/p>\n<p>            <!-- blog End --><\/p>\n<p>            <!-- tag and share --><\/p>\n<p> Fonte: EBC <\/p>\n<input type=\"hidden\" id=\"baseurl\" value=\"https:\/\/noticiasdestaque.com.br\"><input type=\"hidden\" id=\"audio_nonce\" value=\"c9f06e19e6\">","protected":false},"excerpt":{"rendered":"<p>&#8220;Eu n\u00e3o esquecerei&#8221;, diz ministra ao abrir hoje reuni\u00e3o do conselho<\/p>\n","protected":false},"author":1,"featured_media":9481,"comment_status":"open","ping_status":"open","sticky":false,"template":"","format":"standard","meta":{"fifu_image_url":"","fifu_image_alt":"","footnotes":""},"categories":[1],"tags":[106],"class_list":["post-9479","post","type-post","status-publish","format-standard","has-post-thumbnail","hentry","category-uncategorized","tag-brunna-pareja"],"distributor_meta":false,"distributor_terms":false,"distributor_media":false,"distributor_original_site_name":"Noticias em Destaque","distributor_original_site_url":"https:\/\/noticiasdestaque.com.br","push-errors":false,"_links":{"self":[{"href":"https:\/\/noticiasdestaque.com.br\/index.php\/wp-json\/wp\/v2\/posts\/9479","targetHints":{"allow":["GET"]}}],"collection":[{"href":"https:\/\/noticiasdestaque.com.br\/index.php\/wp-json\/wp\/v2\/posts"}],"about":[{"href":"https:\/\/noticiasdestaque.com.br\/index.php\/wp-json\/wp\/v2\/types\/post"}],"author":[{"embeddable":true,"href":"https:\/\/noticiasdestaque.com.br\/index.php\/wp-json\/wp\/v2\/users\/1"}],"replies":[{"embeddable":true,"href":"https:\/\/noticiasdestaque.com.br\/index.php\/wp-json\/wp\/v2\/comments?post=9479"}],"version-history":[{"count":1,"href":"https:\/\/noticiasdestaque.com.br\/index.php\/wp-json\/wp\/v2\/posts\/9479\/revisions"}],"predecessor-version":[{"id":9480,"href":"https:\/\/noticiasdestaque.com.br\/index.php\/wp-json\/wp\/v2\/posts\/9479\/revisions\/9480"}],"wp:featuredmedia":[{"embeddable":true,"href":"https:\/\/noticiasdestaque.com.br\/index.php\/wp-json\/wp\/v2\/media\/9481"}],"wp:attachment":[{"href":"https:\/\/noticiasdestaque.com.br\/index.php\/wp-json\/wp\/v2\/media?parent=9479"}],"wp:term":[{"taxonomy":"category","embeddable":true,"href":"https:\/\/noticiasdestaque.com.br\/index.php\/wp-json\/wp\/v2\/categories?post=9479"},{"taxonomy":"post_tag","embeddable":true,"href":"https:\/\/noticiasdestaque.com.br\/index.php\/wp-json\/wp\/v2\/tags?post=9479"}],"curies":[{"name":"wp","href":"https:\/\/api.w.org\/{rel}","templated":true}]}}