{"id":9467,"date":"2023-08-24T00:49:00","date_gmt":"2023-08-24T00:49:00","guid":{"rendered":"https:\/\/noticiasdestaque.com.br\/index.php\/2023\/08\/24\/movimento-negro-realizara-atos-como-resposta-a-casos-de-violencia\/"},"modified":"2023-08-24T00:49:00","modified_gmt":"2023-08-24T00:49:00","slug":"movimento-negro-realizara-atos-como-resposta-a-casos-de-violencia","status":"publish","type":"post","link":"https:\/\/noticiasdestaque.com.br\/index.php\/2023\/08\/24\/movimento-negro-realizara-atos-como-resposta-a-casos-de-violencia\/","title":{"rendered":"Movimento negro realizar\u00e1 atos como resposta a casos de viol\u00eancia"},"content":{"rendered":"<style> bloco.meta {font-style: italic; color: #666;font-weight: 600;font-size: .8em; \/* line-height: .3em; *\/}  text h2 { font-weight: 700 !important;  color: #062f46 !important;} text img { width: none; left: none;}<\/style>\n<\/p>\n<p>Representantes do movimento negro realizam, na pr\u00f3xima quinta-feira (24), a Jornada Nacional de Luta Pelas Vidas Negras, mobiliza\u00e7\u00e3o para reagir aos epis\u00f3dios mais recentes de viol\u00eancia policial e assassinatos de pessoas negras, como o do adolescente Thiago Menezes Flausino, de 13 anos de idade, morto a tiros em uma <a href=\"https:\/\/agenciabrasil.ebc.com.br\/geral\/noticia\/2023-08\/policia-afasta-envolvidos-em-morte-de-menino-na-cidade-de-deus\" target=\"_blank\">opera\u00e7\u00e3o na Cidade de Deus<\/a>, Rio de Janeiro. Os organizadores j\u00e1 confirmaram manifesta\u00e7\u00f5es em S\u00e3o Paulo, Limeira, interior do estado de S\u00e3o Paulo, Belo Horizonte, Curitiba, Recife, Rio de Janeiro, Aracaju, Vit\u00f3ria e em Bras\u00edlia.<aimg src=\"https:\/\/aagenciabrasil.ebc.com.br\/ebc.apng?id=1549967 o=node\" style=\"width:1px; height:1px; display:inline;\"><\/aimg><aimg src=\"https:\/\/aagenciabrasil.ebc.com.br\/ebc.agif?id=1549967 o=node\" style=\"width:1px; height:1px; display:inline;\"><\/aimg><\/p>\n<p>Em S\u00e3o Paulo, o ato far\u00e1 concentra\u00e7\u00e3o no v\u00e3o do Museu de Arte de S\u00e3o Paulo Assis Chateaubriand (Masp), a partir das 18h.<\/p>\n<p>Os grupos que v\u00e3o \u00e0s ruas ainda fazem ajustes para definir protestos nos estados do Rio Grande do Sul, Par\u00e1, Piau\u00ed, Maranh\u00e3o e Bahia. No dia 24 de agosto, comemora-se o anivers\u00e1rio de morte do advogado soteropolitano Luiz Gama, um \u00edcone da resist\u00eancia negra.<\/p>\n<p>Um exemplo de como a viol\u00eancia atinge, de modo geral, mais fortemente a popula\u00e7\u00e3o negra, est\u00e3o apontados nos dados do F\u00f3rum Brasileiro de Seguran\u00e7a P\u00fablica (FBSP) sobre o \u00edndice de mortes violentas intencionais em todo o pa\u00eds. <a href=\"https:\/\/agenciabrasil.ebc.com.br\/direitos-humanos\/noticia\/2023-07\/mortes-violentas-intencionais-no-pais-caem-24-em-2022\" target=\"_blank\">Em 2022, foram registrados 47.508 casos<\/a> e 76,5% das v\u00edtimas eram negras. Os dados constam da \u00faltima edi\u00e7\u00e3o do Anu\u00e1rio Brasileiro de Seguran\u00e7a P\u00fablica. A entidade destaca que os negros s\u00e3o o principal grupo vitimado pela viol\u00eancia, independentemente da ocorr\u00eancia registrada, e representaram 83,1% das v\u00edtimas de interven\u00e7\u00f5es policiais.<\/p>\n<p>O encarceramento em massa de pessoas negras tamb\u00e9m segue a todo o vapor. No ano passado, o Brasil atingiu <a href=\"https:\/\/agenciabrasil.ebc.com.br\/geral\/noticia\/2023-07\/populacao-negra-encarcerada-atinge-maior-patamar-da-serie-historica\" target=\"_blank\">propor\u00e7\u00e3o recorde de negros no sistema carcer\u00e1rio<\/a>, um total de 442.033 pessoas. A parcela equivale a 68,2%.<\/p>\n<p>Para o pesquisador Dennis Pacheco, do FBSP, as diretrizes que governos t\u00eam definido, em termos de seguran\u00e7a p\u00fablica, s\u00e3o &#8220;o retrocesso deliberado&#8221;.<\/p>\n<p>&#8220;Ativamente, se tem produzido essas mortes como uma plataforma de visibilidade pol\u00edtica&#8221;, afirma sobre as opera\u00e7\u00f5es que multiplicam exponencialmente a letalidade policial.<\/p>\n<p>Pacheco avalia que o bolsonarismo contribuiu para que grupos ampliassem a institucionaliza\u00e7\u00e3o do racismo no pa\u00eds e que o que se tem \u00e0 frente, como desafio, \u00e9 a radicaliza\u00e7\u00e3o de tal postura, que se reflete nas for\u00e7as de seguran\u00e7a p\u00fablica.<\/p>\n<p>Perguntado sobre o aparente paradoxo de se ter policiais negros tirando a vida de outros negros, ele disse que &#8220;\u00e9 paradoxal, mas nem tanto&#8221;, j\u00e1 que quem est\u00e1 na base das corpora\u00e7\u00f5es e, portanto, vai \u00e0s ruas para realizar as opera\u00e7\u00f5es, \u00e9 negro e, portanto, tem pouca margem para intervir nas decis\u00f5es. &#8220;O perfil dos oficiais, das pessoas que gerem a pol\u00edcia, \u00e9 bem branco e bem desinteressado em discutir as quest\u00f5es que dizem respeito ao enfrentamento ao racismo&#8221;.<\/p>\n<p class=\"alt-font font-italic my-2 small text-info\">\n                                                Edi\u00e7\u00e3o:   Fernando Fraga                    <\/p>\n<p>            <!-- blog End --><\/p>\n<p>            <!-- tag and share --><\/p>\n<p> Fonte: EBC <\/p>\n<input type=\"hidden\" id=\"baseurl\" value=\"https:\/\/noticiasdestaque.com.br\"><input type=\"hidden\" id=\"audio_nonce\" value=\"5128c810d9\">","protected":false},"excerpt":{"rendered":"<p>Manifesta\u00e7\u00f5es est\u00e3o marcadas para o dia 24<\/p>\n","protected":false},"author":1,"featured_media":9469,"comment_status":"open","ping_status":"open","sticky":false,"template":"","format":"standard","meta":{"fifu_image_url":"","fifu_image_alt":"","footnotes":""},"categories":[1],"tags":[106],"class_list":["post-9467","post","type-post","status-publish","format-standard","has-post-thumbnail","hentry","category-uncategorized","tag-brunna-pareja"],"distributor_meta":false,"distributor_terms":false,"distributor_media":false,"distributor_original_site_name":"Noticias em Destaque","distributor_original_site_url":"https:\/\/noticiasdestaque.com.br","push-errors":false,"_links":{"self":[{"href":"https:\/\/noticiasdestaque.com.br\/index.php\/wp-json\/wp\/v2\/posts\/9467","targetHints":{"allow":["GET"]}}],"collection":[{"href":"https:\/\/noticiasdestaque.com.br\/index.php\/wp-json\/wp\/v2\/posts"}],"about":[{"href":"https:\/\/noticiasdestaque.com.br\/index.php\/wp-json\/wp\/v2\/types\/post"}],"author":[{"embeddable":true,"href":"https:\/\/noticiasdestaque.com.br\/index.php\/wp-json\/wp\/v2\/users\/1"}],"replies":[{"embeddable":true,"href":"https:\/\/noticiasdestaque.com.br\/index.php\/wp-json\/wp\/v2\/comments?post=9467"}],"version-history":[{"count":1,"href":"https:\/\/noticiasdestaque.com.br\/index.php\/wp-json\/wp\/v2\/posts\/9467\/revisions"}],"predecessor-version":[{"id":9468,"href":"https:\/\/noticiasdestaque.com.br\/index.php\/wp-json\/wp\/v2\/posts\/9467\/revisions\/9468"}],"wp:featuredmedia":[{"embeddable":true,"href":"https:\/\/noticiasdestaque.com.br\/index.php\/wp-json\/wp\/v2\/media\/9469"}],"wp:attachment":[{"href":"https:\/\/noticiasdestaque.com.br\/index.php\/wp-json\/wp\/v2\/media?parent=9467"}],"wp:term":[{"taxonomy":"category","embeddable":true,"href":"https:\/\/noticiasdestaque.com.br\/index.php\/wp-json\/wp\/v2\/categories?post=9467"},{"taxonomy":"post_tag","embeddable":true,"href":"https:\/\/noticiasdestaque.com.br\/index.php\/wp-json\/wp\/v2\/tags?post=9467"}],"curies":[{"name":"wp","href":"https:\/\/api.w.org\/{rel}","templated":true}]}}