{"id":9434,"date":"2023-08-17T01:49:00","date_gmt":"2023-08-17T01:49:00","guid":{"rendered":"https:\/\/noticiasdestaque.com.br\/index.php\/2023\/08\/17\/estudantes-se-espantam-com-indiferenca-pelo-que-se-passava-no-doi-codi\/"},"modified":"2023-08-17T01:49:00","modified_gmt":"2023-08-17T01:49:00","slug":"estudantes-se-espantam-com-indiferenca-pelo-que-se-passava-no-doi-codi","status":"publish","type":"post","link":"https:\/\/noticiasdestaque.com.br\/index.php\/2023\/08\/17\/estudantes-se-espantam-com-indiferenca-pelo-que-se-passava-no-doi-codi\/","title":{"rendered":"Estudantes se espantam com indiferen\u00e7a pelo que se passava no DOI-Codi"},"content":{"rendered":"<style> bloco.meta {font-style: italic; color: #666;font-weight: 600;font-size: .8em; \/* line-height: .3em; *\/}  text h2 { font-weight: 700 !important;  color: #062f46 !important;} text img { width: none; left: none;}<\/style>\n<\/p>\n<p>&#8220;Como \u00e9 que ningu\u00e9m dos vizinhos ouvia os gritos ou, se algu\u00e9m ouvia, n\u00e3o fazia nada?&#8221; Essa foi uma das perguntas de estudantes que participaram das a\u00e7\u00f5es educativas Memorial DOI-Codi, sobre o antigo Destacamento de Opera\u00e7\u00f5es de Informa\u00e7\u00e3o &#8211; Centro de Opera\u00e7\u00f5es de Defesa Interna (DOI-Codi), na capital paulista, tiveram coragem de fazer, falando por muitos brasileiros que at\u00e9 hoje se espantam com a coniv\u00eancia e a passividade de algumas pessoas diante dos horrores da ditadura que manchou o pa\u00eds.<aimg src=\"https:\/\/aagenciabrasil.ebc.com.br\/ebc.apng?id=1549075 o=node\" style=\"width:1px; height:1px; display:inline;\"><\/aimg><aimg src=\"https:\/\/aagenciabrasil.ebc.com.br\/ebc.agif?id=1549075 o=node\" style=\"width:1px; height:1px; display:inline;\"><\/aimg><\/p>\n<p>O DOI-Codi foi uma base de torturas e execu\u00e7\u00f5es de pessoas que faziam oposi\u00e7\u00e3o \u00e0 ditadura instaurada com o golpe de 1964, que tirou o presidente Jo\u00e3o Goulart do poder. As atividades s\u00e3o promovidas pelos pesquisadores que est\u00e3o \u00e0 frente do projeto de arqueologia no local, no bairro de Vila Mariana, como complemento ao trabalho de campo.<\/p>\n<p>A programa\u00e7\u00e3o foi distribu\u00edda ao longo de 13 dias, e terminou nesta segunda-feira (14). <a href=\"https:\/\/agenciabrasil.ebc.com.br\/direitos-humanos\/noticia\/2023-08\/pesquisadores-encontram-vestigios-que-podem-ser-de-sangue-no-doi-codi\" target=\"_blank\">Conforme reportado pela <strong>Ag\u00eancia Brasil<\/strong><\/a>, a equipe de pesquisadores encontrou, por meio de escava\u00e7\u00f5es, uma inscri\u00e7\u00e3o deixada por um preso pol\u00edtico, da contagem de seus dias no c\u00e1rcere. Tamb\u00e9m foram encontrados vest\u00edgios de uma subst\u00e2ncia que pode ser sangue e de pe\u00e7as ind\u00edgenas pr\u00e9-colombianas.<\/p>\n<p>Os acad\u00eamicos s\u00e3o vinculados \u00e0 Universidade Estadual de Campinas (Unicamp), Universidade Federal de Minas Gerais (UFMG) e Universidade Federal de S\u00e3o Paulo (Unifesp), e os objetos encontrados, como frascos de vidro e um carimbo usado em fichas de presos que davam entrada no centro clandestino, ficar\u00e3o sob guarda da Unicamp at\u00e9 que seja estruturado um memorial, que dever\u00e1 ganhar uma vers\u00e3o online.<\/p>\n<p>A coordenadora do Grupo de Trabalho Memorial DOI-Codi, Deborah Neves, disse que, para que a iniciativa se concretize, basta que o governo de S\u00e3o Paulo d\u00ea aval, j\u00e1 que a pesquisa que est\u00e3o desenvolvendo d\u00e1 condi\u00e7\u00f5es e subs\u00eddio para justificar o empreendimento.<\/p>\n<p>Em coletiva de imprensa, a equipe que toca o projeto comentou que uma vizinha do centro clandestino, para onde eram levadas pessoas que ousavam, mesmo correndo riscos, questionar as atrocidades cometidas pelos agentes da ditadura, procurou a equipe de pesquisadores para revelar que os gritos dos presos chegavam at\u00e9 ela. Com a abertura de visitas guiadas ao DOI-Codi, outros moradores dos arredores do complexo onde ficava o centro clandestino, que engloba o 36\u00b0 Distrito Policial, da Pol\u00edcia Civil, apareceram para contribuir com relatos e dar ainda mais sentido &#8211; ou procurar algum &#8211; a esse per\u00edodo de sombras da hist\u00f3ria do Brasil.<\/p>\n<p>Deborah Neves disse que parte dos moradores afirma que n\u00e3o sabia da exist\u00eancia do pr\u00e9dio que abrigava tantas monstruosidades, incluindo o assassinato pelas m\u00e3os dos militares, como o do jornalista Vladimir Herzog, forjado e noticiado oficialmente como suic\u00eddio, caso que teve significativa repercuss\u00e3o. &#8220;Parte da comunidade ficou surpresa, ao saber que ficava atr\u00e1s da delegacia&#8221;, revela.<\/p>\n<p>&#8220;Isso estava engasgado. Muita gente procurou a equipe, e agora quer falar&#8221;, disse a coordenadora Cl\u00e1udia Plens, da \u00e1rea de Arqueologia Forense.<\/p>\n<p>Ao todo, entre visitas e oficinas, com cinco escolas de educa\u00e7\u00e3o b\u00e1sica, passaram pelo local mais de 800 visitantes, do bairro Vila Mariana e outras regi\u00f5es, como Angra dos Reis, Rio de Janeiro.<\/p>\n<p>Para a pesquisadora da Unicamp Aline Vieira de Carvalho, tamb\u00e9m coordenadora de Arqueologia P\u00fablica no \u00e2mbito do projeto, um dos retornos que a iniciativa deu \u00e9 justamente a constata\u00e7\u00e3o de que o tema \u00e9 de interesse da sociedade como um todo, o que contrasta com a dificuldade que os pesquisadores, juntos desde 2018, tiveram ao sair em busca de financiamento.<\/p>\n<p>&#8220;Nosso objetivo \u00e9 abrir espa\u00e7os entre trabalhos arqueol\u00f3gicos, entender o que a comunidade pensa sobre esse espa\u00e7o&#8221;, disse, acrescentando que outro objetivo consiste em provocar interesse para essa \u00e1rea de conhecimento.<\/p>\n<h2>Vontade pol\u00edtica<\/h2>\n<p>Andr\u00e9s Zarankin, respons\u00e1vel pela \u00e1rea de arqueologia, ressalta que abordar quest\u00f5es como o aparato de repress\u00e3o do Estado geralmente n\u00e3o contam com a aprova\u00e7\u00e3o de todos. Perguntado sobre por que, no Brasil, h\u00e1 recusa em se conversar abertamente sobre temas como viola\u00e7\u00f5es de direitos humanos, ele responde que, na sua vis\u00e3o, tem a ver com a perman\u00eancia do gosto pelo autoritarismo e da sede pelo poder. No caso brasileiro, lembra, torturadores s\u00e3o reverenciados, como aconteceu com coronel Carlos Alberto Brilhante Ustra, do Ex\u00e9rcito.<\/p>\n<p>&#8220;Esse tipo de trabalho incomoda, incomoda muito, principalmente as pessoas que estiveram no poder e que, no Brasil, diferentemente de outros pa\u00edses da Am\u00e9rica do Sul, continuam no poder&#8221;, observa.<\/p>\n<p>&#8220;N\u00e3o \u00e9 f\u00e1cil [desenvolver esse tipo de trabalho], realmente. Na Argentina, no Chile, no Uruguai, n\u00e3o foi simplesmente uma determina\u00e7\u00e3o de um dia para o outro, foi uma negocia\u00e7\u00e3o com o apoio da sociedade civil e, principalmente, uma determina\u00e7\u00e3o pol\u00edtica. Agora, aqui no Brasil, com um governo de direita, n\u00e3o se quer que essas hist\u00f3rias voltem a sair do subsolo, as hist\u00f3rias dos sobreviventes. Tenta-se colocar concreto em cima e dizer \u2018bom, \u00e9 passado\u2019&#8221;.<\/p>\n<p>Quem quiser acompanhar o andamento do projeto pode visitar o <a href=\"http:\/\/@arqueodoicodisp\" target=\"_blank\">perfil do Instagram<\/a>. O projeto, que disp\u00f5e de or\u00e7amento bastante limitado, tem dado conta das tarefas com a ajuda de volunt\u00e1rios, inclusive para coletar depoimentos de ex-presos pol\u00edticos e parentes das v\u00edtimas que passaram pelos por\u00f5es do DOI-Codi.<\/p>\n<p class=\"alt-font font-italic my-2 small text-info\">\n                                                Edi\u00e7\u00e3o:   Fernando Fraga                    <\/p>\n<p>            <!-- blog End --><\/p>\n<p>            <!-- tag and share --><\/p>\n<p> Fonte: EBC <\/p>\n<input type=\"hidden\" id=\"baseurl\" value=\"https:\/\/noticiasdestaque.com.br\"><input type=\"hidden\" id=\"audio_nonce\" value=\"6f73a554f1\">","protected":false},"excerpt":{"rendered":"<p>Por 13 dias, a\u00e7\u00e3o de pesquisadores foi acompanhada por 800 pessoas<\/p>\n","protected":false},"author":1,"featured_media":9436,"comment_status":"open","ping_status":"open","sticky":false,"template":"","format":"standard","meta":{"fifu_image_url":"","fifu_image_alt":"","footnotes":""},"categories":[1],"tags":[106],"class_list":["post-9434","post","type-post","status-publish","format-standard","has-post-thumbnail","hentry","category-uncategorized","tag-brunna-pareja"],"distributor_meta":false,"distributor_terms":false,"distributor_media":false,"distributor_original_site_name":"Noticias em Destaque","distributor_original_site_url":"https:\/\/noticiasdestaque.com.br","push-errors":false,"_links":{"self":[{"href":"https:\/\/noticiasdestaque.com.br\/index.php\/wp-json\/wp\/v2\/posts\/9434","targetHints":{"allow":["GET"]}}],"collection":[{"href":"https:\/\/noticiasdestaque.com.br\/index.php\/wp-json\/wp\/v2\/posts"}],"about":[{"href":"https:\/\/noticiasdestaque.com.br\/index.php\/wp-json\/wp\/v2\/types\/post"}],"author":[{"embeddable":true,"href":"https:\/\/noticiasdestaque.com.br\/index.php\/wp-json\/wp\/v2\/users\/1"}],"replies":[{"embeddable":true,"href":"https:\/\/noticiasdestaque.com.br\/index.php\/wp-json\/wp\/v2\/comments?post=9434"}],"version-history":[{"count":1,"href":"https:\/\/noticiasdestaque.com.br\/index.php\/wp-json\/wp\/v2\/posts\/9434\/revisions"}],"predecessor-version":[{"id":9435,"href":"https:\/\/noticiasdestaque.com.br\/index.php\/wp-json\/wp\/v2\/posts\/9434\/revisions\/9435"}],"wp:featuredmedia":[{"embeddable":true,"href":"https:\/\/noticiasdestaque.com.br\/index.php\/wp-json\/wp\/v2\/media\/9436"}],"wp:attachment":[{"href":"https:\/\/noticiasdestaque.com.br\/index.php\/wp-json\/wp\/v2\/media?parent=9434"}],"wp:term":[{"taxonomy":"category","embeddable":true,"href":"https:\/\/noticiasdestaque.com.br\/index.php\/wp-json\/wp\/v2\/categories?post=9434"},{"taxonomy":"post_tag","embeddable":true,"href":"https:\/\/noticiasdestaque.com.br\/index.php\/wp-json\/wp\/v2\/tags?post=9434"}],"curies":[{"name":"wp","href":"https:\/\/api.w.org\/{rel}","templated":true}]}}