{"id":9431,"date":"2023-08-17T00:49:00","date_gmt":"2023-08-17T00:49:00","guid":{"rendered":"https:\/\/noticiasdestaque.com.br\/index.php\/2023\/08\/17\/governo-faz-eventos-para-elaborar-plano-voltado-a-quem-tem-deficiencia\/"},"modified":"2023-08-17T00:49:00","modified_gmt":"2023-08-17T00:49:00","slug":"governo-faz-eventos-para-elaborar-plano-voltado-a-quem-tem-deficiencia","status":"publish","type":"post","link":"https:\/\/noticiasdestaque.com.br\/index.php\/2023\/08\/17\/governo-faz-eventos-para-elaborar-plano-voltado-a-quem-tem-deficiencia\/","title":{"rendered":"Governo faz eventos para elaborar plano voltado a quem tem defici\u00eancia"},"content":{"rendered":"<style> bloco.meta {font-style: italic; color: #666;font-weight: 600;font-size: .8em; \/* line-height: .3em; *\/}  text h2 { font-weight: 700 !important;  color: #062f46 !important;} text img { width: none; left: none;}<\/style>\n<\/p>\n<p>O Minist\u00e9rio dos Direitos Humanos e da Cidadania (MDHC) est\u00e1 promovendo encontros com o objetivo de obter contribui\u00e7\u00f5es para a elabora\u00e7\u00e3o do Plano Nacional da Pessoa com Defici\u00eancia \u2013 Plano Viver sem Limite 2.<aimg src=\"https:\/\/aagenciabrasil.ebc.com.br\/ebc.apng?id=1548743 o=node\" style=\"width:1px; height:1px; display:inline;\"><\/aimg><aimg src=\"https:\/\/aagenciabrasil.ebc.com.br\/ebc.agif?id=1548743 o=node\" style=\"width:1px; height:1px; display:inline;\"><\/aimg><\/p>\n<p>A primeira das tr\u00eas oficinas previstas, chamadas Di\u00e1logos Transversais, ocorreu nesta segunda-feira (14) tendo, como tema, G\u00eanero, Ra\u00e7a e Sexualidades. Os dois pr\u00f3ximos encontros ser\u00e3o nos dias 15 e 16, respectivamente com os temas Medidas de Preven\u00e7\u00e3o e Enfrentamento \u00e0 Viol\u00eancia e ao Capacitismo e Empregabilidade da Pessoa com Defici\u00eancia.<\/p>\n<p>Segundo o minist\u00e9rio, o Plano Viver sem Limite 2 pretende \u201cpromover os direitos civis, abrangendo pol\u00edticas p\u00fablicas voltadas para pessoas com defici\u00eancia e suas fam\u00edlias\u201d. A ideia \u00e9 esclarecer e desenvolver pol\u00edticas p\u00fablicas voltadas \u00e0 promo\u00e7\u00e3o de direitos civis, pol\u00edticos, econ\u00f4micos, sociais e culturais, de forma a eliminar as \u201cbarreiras que limitam a plena cidadania\u201d.<\/p>\n<p>\u201cA relev\u00e2ncia desses Di\u00e1logos Transversais se reflete no fato de que as discuss\u00f5es e propostas coletadas servir\u00e3o de contribui\u00e7\u00e3o para a melhoria das pol\u00edticas p\u00fablicas voltadas a essas popula\u00e7\u00f5es\u201d, informou, em nota, o MDHC.<\/p>\n<h2>Propostas iniciais<\/h2>\n<p>Entre as propostas iniciais apresentadas pelos convidados \u2013 pessoas atuantes na defesa dos direitos desses grupos \u2013 est\u00e1 a criminaliza\u00e7\u00e3o daqueles que ajam de forma preconceituosa contra pessoas com defici\u00eancia.<\/p>\n<p>A sugest\u00e3o foi apresentada pela pesquisadora da Universidade Federal de Minas Gerais (UFMG) Fatine Concei\u00e7\u00e3o Oliveira. \u201cO racismo \u00e9 criminalizado. Teremos alguma criminaliza\u00e7\u00e3o em situa\u00e7\u00f5es similares contra pessoas com incapacitismo?\u201d, disse a pesquisadora ao enfatizar que o questionamento \u00e9 uma \u201cprovoca\u00e7\u00e3o, mas no sentido de construirmos juntos [essas pol\u00edticas]\u201d.<\/p>\n<p>Representando a Secretaria Nacional do Paradesporto, Nayara Falc\u00e3o defendeu que o olhar direcionado a pessoas com defici\u00eancia \u201cn\u00e3o seja sobre o que falta, mas direcionado a nossas potencialidades\u201d.<\/p>\n<p>\u201cA maioria das pessoas sem defici\u00eancia precisam pensar que podem um dia se tornar pessoa com defici\u00eancia\u201d, acrescentou ao defender a participa\u00e7\u00e3o da sociedade como um todo na defesa dos direitos e das pol\u00edticas voltadas \u00e0s pessoas com defici\u00eancia.<\/p>\n<p class=\"alt-font font-italic my-2 small text-info\">\n                                                Edi\u00e7\u00e3o:   Aline Leal                    <\/p>\n<p>            <!-- blog End --><\/p>\n<p>            <!-- tag and share --><\/p>\n<p> Fonte: EBC <\/p>\n<input type=\"hidden\" id=\"baseurl\" value=\"https:\/\/noticiasdestaque.com.br\"><input type=\"hidden\" id=\"audio_nonce\" value=\"6f73a554f1\">","protected":false},"excerpt":{"rendered":"<p>Primeiro encontro debate g\u00eanero, ra\u00e7a e sexualidades<\/p>\n","protected":false},"author":1,"featured_media":9433,"comment_status":"open","ping_status":"open","sticky":false,"template":"","format":"standard","meta":{"fifu_image_url":"","fifu_image_alt":"","footnotes":""},"categories":[1],"tags":[106],"class_list":["post-9431","post","type-post","status-publish","format-standard","has-post-thumbnail","hentry","category-uncategorized","tag-brunna-pareja"],"distributor_meta":false,"distributor_terms":false,"distributor_media":false,"distributor_original_site_name":"Noticias em Destaque","distributor_original_site_url":"https:\/\/noticiasdestaque.com.br","push-errors":false,"_links":{"self":[{"href":"https:\/\/noticiasdestaque.com.br\/index.php\/wp-json\/wp\/v2\/posts\/9431","targetHints":{"allow":["GET"]}}],"collection":[{"href":"https:\/\/noticiasdestaque.com.br\/index.php\/wp-json\/wp\/v2\/posts"}],"about":[{"href":"https:\/\/noticiasdestaque.com.br\/index.php\/wp-json\/wp\/v2\/types\/post"}],"author":[{"embeddable":true,"href":"https:\/\/noticiasdestaque.com.br\/index.php\/wp-json\/wp\/v2\/users\/1"}],"replies":[{"embeddable":true,"href":"https:\/\/noticiasdestaque.com.br\/index.php\/wp-json\/wp\/v2\/comments?post=9431"}],"version-history":[{"count":1,"href":"https:\/\/noticiasdestaque.com.br\/index.php\/wp-json\/wp\/v2\/posts\/9431\/revisions"}],"predecessor-version":[{"id":9432,"href":"https:\/\/noticiasdestaque.com.br\/index.php\/wp-json\/wp\/v2\/posts\/9431\/revisions\/9432"}],"wp:featuredmedia":[{"embeddable":true,"href":"https:\/\/noticiasdestaque.com.br\/index.php\/wp-json\/wp\/v2\/media\/9433"}],"wp:attachment":[{"href":"https:\/\/noticiasdestaque.com.br\/index.php\/wp-json\/wp\/v2\/media?parent=9431"}],"wp:term":[{"taxonomy":"category","embeddable":true,"href":"https:\/\/noticiasdestaque.com.br\/index.php\/wp-json\/wp\/v2\/categories?post=9431"},{"taxonomy":"post_tag","embeddable":true,"href":"https:\/\/noticiasdestaque.com.br\/index.php\/wp-json\/wp\/v2\/tags?post=9431"}],"curies":[{"name":"wp","href":"https:\/\/api.w.org\/{rel}","templated":true}]}}