{"id":9425,"date":"2023-08-16T22:49:00","date_gmt":"2023-08-16T22:49:00","guid":{"rendered":"https:\/\/noticiasdestaque.com.br\/index.php\/2023\/08\/16\/unidades-do-sesc-em-sao-paulo-promovem-atividades-no-agosto-indigena\/"},"modified":"2023-08-16T22:49:00","modified_gmt":"2023-08-16T22:49:00","slug":"unidades-do-sesc-em-sao-paulo-promovem-atividades-no-agosto-indigena","status":"publish","type":"post","link":"https:\/\/noticiasdestaque.com.br\/index.php\/2023\/08\/16\/unidades-do-sesc-em-sao-paulo-promovem-atividades-no-agosto-indigena\/","title":{"rendered":"Unidades do Sesc em S\u00e3o Paulo promovem atividades no Agosto Ind\u00edgena"},"content":{"rendered":"<style> bloco.meta {font-style: italic; color: #666;font-weight: 600;font-size: .8em; \/* line-height: .3em; *\/}  text h2 { font-weight: 700 !important;  color: #062f46 !important;} text img { width: none; left: none;}<\/style>\n<\/p>\n<p>Unidades do Sesc da capital e da Grande S\u00e3o Paulo realizam durante este m\u00eas de agosto, quando se celebra o Dia Internacional dos Povos Ind\u00edgenas (9 de agosto), cerca de 150 atividades que chamam a um exerc\u00edcio coletivo de valoriza\u00e7\u00e3o da diversidade dos povos origin\u00e1rios do Brasil, por meio de apresenta\u00e7\u00f5es, oficinas, exibi\u00e7\u00e3o de filmes, feira liter\u00e1ria, viv\u00eancias coletivas, conta\u00e7\u00e3o de hist\u00f3rias, cursos e visitas a aldeias em diferentes localidades. As a\u00e7\u00f5es acontecem em 35 unidades do Sesc, sendo 20 na capital e 15 na Grande S\u00e3o Paulo, no interior e litoral do estado.<aimg src=\"https:\/\/aagenciabrasil.ebc.com.br\/ebc.apng?id=1549388 o=node\" style=\"width:1px; height:1px; display:inline;\"><\/aimg><aimg src=\"https:\/\/aagenciabrasil.ebc.com.br\/ebc.agif?id=1549388 o=node\" style=\"width:1px; height:1px; display:inline;\"><\/aimg><\/p>\n<p>A t\u00e9cnica da Ger\u00eancia de Estudos e Programas Sociais do Sesc SP Tatiana Amaral disse que o prop\u00f3sito da a\u00e7\u00e3o \u00e9 revelar e valorizar a diversidade cultural dos povos ind\u00edgenas na atualidade, seus conhecimentos e seus saberes.<\/p>\n<p>Para quem quer conhecer os cantos e dan\u00e7as dos Guaranis da cidade de S\u00e3o Paulo, Tatiana recomenda o cinema ind\u00edgena. \u201cHaver\u00e1 o lan\u00e7amento do filme da Kerexu Martin, que tem 21 anos, e \u00e9 uma jovem Guarani da Terra Regina. Vai ter o bate-papo <a href=\"https:\/\/www.sescsp.org.br\/programacao\/conversas-miradas-femininas\/\" target=\"_blank\">Miradas Femininas<\/a> com a presen\u00e7a de mulheres ind\u00edgenas e a exibi\u00e7\u00e3o de filmes, que acontecem nesta quinta-feira (17) e no s\u00e1bado (19), e \u00e9 bastante relevante porque o cinema ind\u00edgena tem sido um meio muito eficaz para os povos ind\u00edgenas fortalecerem conhecimentos, pr\u00e1ticas e sobretudo desconstruir estere\u00f3tipos e preconceitos, especialmente aqueles que colocam os ind\u00edgenas como a cultura dos seres que fazem usos das tecnologias n\u00e3o ind\u00edgenas. O cinema ind\u00edgena mostra que por meio desses registros as comunidades, as pessoas ind\u00edgenas, conseguem dar visibilidade e fortalecer a circula\u00e7\u00e3o de muitas coisas importantes para suas culturas entre gera\u00e7\u00f5es\u201d, explicou Tatiana, que \u00e9 cientista social, especializada em Etnologia Ind\u00edgena.<\/p>\n<p>No Sesc Itaquera, Tatiana recomenda a visita mediada no Planet\u00e1rio do Carmo. \u201c\u00c9 uma a\u00e7\u00e3o bastante diferente, porque quem vai fazer a media\u00e7\u00e3o dessa visita no planet\u00e1rio \u00e9 o Antony Karai Poty\u201d. Professor, escritor e ativista ind\u00edgena, Poty vai contar um pouco sobre os modos de vida ind\u00edgenas e a rela\u00e7\u00e3o desses povos com o c\u00e9u.<\/p>\n<p>Outro destaque da programa\u00e7\u00e3o \u00e9 a a\u00e7\u00e3o <a href=\"https:\/\/www.sescsp.org.br\/programacao\/o-ceu-do-povo-tukano-entre-miradas-e-historias\/\" target=\"_blank\">O c\u00e9u dos povos Tukano: entre miradas e hist\u00f3rias<\/a>. Com Durvalino Moura Fernandes, kumu da etnia Desana (Kisibi na l\u00edngua Desano) e Walmir Thomazi Cardoso, astr\u00f4nomo, com media\u00e7\u00e3o de Melissa Oliveira, antrop\u00f3loga.<\/p>\n<p>\u201cO Durvalino Moura Fernandes vem de uma regi\u00e3o de dif\u00edcil acesso do Rio Tiqui\u00e9, no Alto Rio Negro [Amzonas]. Ele vai conversar com Walmir, que nos anos 2000 foi para o Rio Tiqui\u00e9 e levou um programa de computador e fez a compara\u00e7\u00e3o e mapeamento das estrelas e constela\u00e7\u00f5es dos povos Tukano e Dasana, com as constela\u00e7\u00f5es e estrelas ocidentais. Ele vai tamb\u00e9m fazer narrativas m\u00edticas relacionadas \u00e0s estrelas\u201d.<\/p>\n<p>A atividade tamb\u00e9m contar\u00e1 com transmiss\u00e3o ao vivo no <a href=\"http:\/\/youtube.com\/sescsorocaba\" target=\"_blank\">youtube do Sesc Sorocaba<\/a>.<\/p>\n<p>Para a t\u00e9cnica do Sesc, a\u00e7\u00f5es como o Agosto Ind\u00edgena t\u00eam o objetivo de mostrar que os povos ind\u00edgenas n\u00e3o s\u00e3o do passado. \u201cAs suas lutas, suas pr\u00e1ticas, seus conhecimentos, s\u00e3o atualizados e muito importantes para que a gente possa ter uma sociedade mais educativa, e assim dar visibilidade \u00e0 qualidade desses povos e desconstruir a ideia de que ind\u00edgena deixa de ser ind\u00edgena se usar o celular, se habitar uma grande cidade\u201d.<\/p>\n<p>Segundo Tatiana, ser ind\u00edgena \u201cn\u00e3o \u00e9 ficar congelado em uma imagem que se constr\u00f3i, uma imagem equivocada. Eles s\u00e3o pessoas que podem fazer o que quiserem, podem estar nos lugares que quiserem e seguir\u00e3o sendo ind\u00edgenas\u201d.<\/p>\n<p>O <a href=\"https:\/\/agenciabrasil.ebc.com.br\/geral\/noticia\/2023-08\/censo-2022-brasil-tem-169-milhao-de-indigenas\" target=\"_blank\">Censo Demogr\u00e1fico 2022 mostrou que 1.693.535 pessoas se declaram ind\u00edgenas no Brasil<\/a>, correspondendo a 0,83% da popula\u00e7\u00e3o residente do pa\u00eds, distribu\u00eddas por 4.832 munic\u00edpios.<\/p>\n<p>Veja a programa\u00e7\u00e3o completa na <a href=\"https:\/\/www.sescsp.org.br\/projetos\/agosto-indigena\/\" target=\"_blank\">p\u00e1gina do Sesc SP<\/a>.<\/p>\n<p class=\"alt-font font-italic my-2 small text-info\">\n                                                Edi\u00e7\u00e3o:   Fernando Fraga                    <\/p>\n<p>            <!-- blog End --><\/p>\n<p>            <!-- tag and share --><\/p>\n<p> Fonte: EBC <\/p>\n<input type=\"hidden\" id=\"baseurl\" value=\"https:\/\/noticiasdestaque.com.br\"><input type=\"hidden\" id=\"audio_nonce\" value=\"6f73a554f1\">","protected":false},"excerpt":{"rendered":"<p>A\u00e7\u00f5es oferecem oficinas, filmes e visitas a aldeias<\/p>\n","protected":false},"author":1,"featured_media":9427,"comment_status":"open","ping_status":"open","sticky":false,"template":"","format":"standard","meta":{"fifu_image_url":"","fifu_image_alt":"","footnotes":""},"categories":[1],"tags":[106],"class_list":["post-9425","post","type-post","status-publish","format-standard","has-post-thumbnail","hentry","category-uncategorized","tag-brunna-pareja"],"distributor_meta":false,"distributor_terms":false,"distributor_media":false,"distributor_original_site_name":"Noticias em Destaque","distributor_original_site_url":"https:\/\/noticiasdestaque.com.br","push-errors":false,"_links":{"self":[{"href":"https:\/\/noticiasdestaque.com.br\/index.php\/wp-json\/wp\/v2\/posts\/9425","targetHints":{"allow":["GET"]}}],"collection":[{"href":"https:\/\/noticiasdestaque.com.br\/index.php\/wp-json\/wp\/v2\/posts"}],"about":[{"href":"https:\/\/noticiasdestaque.com.br\/index.php\/wp-json\/wp\/v2\/types\/post"}],"author":[{"embeddable":true,"href":"https:\/\/noticiasdestaque.com.br\/index.php\/wp-json\/wp\/v2\/users\/1"}],"replies":[{"embeddable":true,"href":"https:\/\/noticiasdestaque.com.br\/index.php\/wp-json\/wp\/v2\/comments?post=9425"}],"version-history":[{"count":1,"href":"https:\/\/noticiasdestaque.com.br\/index.php\/wp-json\/wp\/v2\/posts\/9425\/revisions"}],"predecessor-version":[{"id":9426,"href":"https:\/\/noticiasdestaque.com.br\/index.php\/wp-json\/wp\/v2\/posts\/9425\/revisions\/9426"}],"wp:featuredmedia":[{"embeddable":true,"href":"https:\/\/noticiasdestaque.com.br\/index.php\/wp-json\/wp\/v2\/media\/9427"}],"wp:attachment":[{"href":"https:\/\/noticiasdestaque.com.br\/index.php\/wp-json\/wp\/v2\/media?parent=9425"}],"wp:term":[{"taxonomy":"category","embeddable":true,"href":"https:\/\/noticiasdestaque.com.br\/index.php\/wp-json\/wp\/v2\/categories?post=9425"},{"taxonomy":"post_tag","embeddable":true,"href":"https:\/\/noticiasdestaque.com.br\/index.php\/wp-json\/wp\/v2\/tags?post=9425"}],"curies":[{"name":"wp","href":"https:\/\/api.w.org\/{rel}","templated":true}]}}