{"id":9422,"date":"2023-08-16T21:49:00","date_gmt":"2023-08-16T21:49:00","guid":{"rendered":"https:\/\/noticiasdestaque.com.br\/index.php\/2023\/08\/16\/regularizacao-tributaria-de-hospitais-beneficentes-tem-novo-prazo\/"},"modified":"2023-08-16T21:49:00","modified_gmt":"2023-08-16T21:49:00","slug":"regularizacao-tributaria-de-hospitais-beneficentes-tem-novo-prazo","status":"publish","type":"post","link":"https:\/\/noticiasdestaque.com.br\/index.php\/2023\/08\/16\/regularizacao-tributaria-de-hospitais-beneficentes-tem-novo-prazo\/","title":{"rendered":"Regulariza\u00e7\u00e3o tribut\u00e1ria de hospitais beneficentes tem novo prazo"},"content":{"rendered":"<style> bloco.meta {font-style: italic; color: #666;font-weight: 600;font-size: .8em; \/* line-height: .3em; *\/}  text h2 { font-weight: 700 !important;  color: #062f46 !important;} text img { width: none; left: none;}<\/style>\n<\/p>\n<p>Uma instru\u00e7\u00e3o normativa da Receita Federal, publicada nesta quarta-feira (16), no <a href=\"https:\/\/in.gov.br\/web\/dou\/-\/instrucao-normativa-rfb-n-2.158-de-11-de-agosto-de-2023-503273428\" target=\"_blank\"><em>Di\u00e1rio Oficial da Uni\u00e3o<\/em><\/a>, inclui d\u00e9bitos tribut\u00e1rios vencidos at\u00e9 o dia 30 de maio no Programa Especial de Regulariza\u00e7\u00e3o Tribut\u00e1ria (Pert-Sa\u00fade). A medida vale para santas casas, hospitais e entidades beneficentes da \u00e1rea de sa\u00fade.<aimg src=\"https:\/\/aagenciabrasil.ebc.com.br\/ebc.apng?id=1549381 o=node\" style=\"width:1px; height:1px; display:inline;\"><\/aimg><aimg src=\"https:\/\/aagenciabrasil.ebc.com.br\/ebc.agif?id=1549381 o=node\" style=\"width:1px; height:1px; display:inline;\"><\/aimg><\/p>\n<p>A norma renova o prazo para ades\u00e3o ao Pert-Sa\u00fade at\u00e9 o dia 30 de agosto pr\u00f3ximo, para que as institui\u00e7\u00f5es possam liquidar d\u00e9bitos de natureza tribut\u00e1ria de forma parcelada, em at\u00e9 60 presta\u00e7\u00f5es para d\u00e9bitos previdenci\u00e1rios, e 120 para d\u00e9bitos de outros tipos de tributo. O \u00faltimo prazo acabou em agosto do ano passado.<\/p>\n<h2>D\u00e9bitos<\/h2>\n<p>A medida possibilita o parcelamento, inclusive, de d\u00e9bitos anteriores rescindidos, em discuss\u00e3o administrativa, ou judicial e tamb\u00e9m provenientes de lan\u00e7amento de of\u00edcio. Com a abertura de um novo prazo, os hospitais e institui\u00e7\u00f5es beneficentes tamb\u00e9m poder\u00e3o tamb\u00e9m migrar os d\u00e9bitos de outros programas de regulariza\u00e7\u00e3o tribut\u00e1ria para o Pert-Sa\u00fade.<\/p>\n<p>Para aderir ao programa, a institui\u00e7\u00e3o precisa protocolar requerimento no site no <a href=\"https:\/\/www.gov.br\/receitafederal\/pt-br\" target=\"_blank\">Portal do Centro Virtual de Atendimento<\/a> (Portal e-CAC) da Receita Federal.<\/p>\n<p class=\"alt-font font-italic my-2 small text-info\">\n                                                Edi\u00e7\u00e3o:   Kleber Sampaio                    <\/p>\n<p>            <!-- blog End --><\/p>\n<p>            <!-- tag and share --><\/p>\n<p> Fonte: EBC <\/p>\n<input type=\"hidden\" id=\"baseurl\" value=\"https:\/\/noticiasdestaque.com.br\"><input type=\"hidden\" id=\"audio_nonce\" value=\"6f73a554f1\">","protected":false},"excerpt":{"rendered":"<p>Contribuintes podem aderir at\u00e9 o dia 30 deste m\u00eas<\/p>\n","protected":false},"author":1,"featured_media":9424,"comment_status":"open","ping_status":"open","sticky":false,"template":"","format":"standard","meta":{"fifu_image_url":"","fifu_image_alt":"","footnotes":""},"categories":[1],"tags":[107],"class_list":["post-9422","post","type-post","status-publish","format-standard","has-post-thumbnail","hentry","category-uncategorized","tag-closer-vendedor-milionario"],"distributor_meta":false,"distributor_terms":false,"distributor_media":false,"distributor_original_site_name":"Noticias em Destaque","distributor_original_site_url":"https:\/\/noticiasdestaque.com.br","push-errors":false,"_links":{"self":[{"href":"https:\/\/noticiasdestaque.com.br\/index.php\/wp-json\/wp\/v2\/posts\/9422","targetHints":{"allow":["GET"]}}],"collection":[{"href":"https:\/\/noticiasdestaque.com.br\/index.php\/wp-json\/wp\/v2\/posts"}],"about":[{"href":"https:\/\/noticiasdestaque.com.br\/index.php\/wp-json\/wp\/v2\/types\/post"}],"author":[{"embeddable":true,"href":"https:\/\/noticiasdestaque.com.br\/index.php\/wp-json\/wp\/v2\/users\/1"}],"replies":[{"embeddable":true,"href":"https:\/\/noticiasdestaque.com.br\/index.php\/wp-json\/wp\/v2\/comments?post=9422"}],"version-history":[{"count":1,"href":"https:\/\/noticiasdestaque.com.br\/index.php\/wp-json\/wp\/v2\/posts\/9422\/revisions"}],"predecessor-version":[{"id":9423,"href":"https:\/\/noticiasdestaque.com.br\/index.php\/wp-json\/wp\/v2\/posts\/9422\/revisions\/9423"}],"wp:featuredmedia":[{"embeddable":true,"href":"https:\/\/noticiasdestaque.com.br\/index.php\/wp-json\/wp\/v2\/media\/9424"}],"wp:attachment":[{"href":"https:\/\/noticiasdestaque.com.br\/index.php\/wp-json\/wp\/v2\/media?parent=9422"}],"wp:term":[{"taxonomy":"category","embeddable":true,"href":"https:\/\/noticiasdestaque.com.br\/index.php\/wp-json\/wp\/v2\/categories?post=9422"},{"taxonomy":"post_tag","embeddable":true,"href":"https:\/\/noticiasdestaque.com.br\/index.php\/wp-json\/wp\/v2\/tags?post=9422"}],"curies":[{"name":"wp","href":"https:\/\/api.w.org\/{rel}","templated":true}]}}