{"id":9419,"date":"2023-08-16T20:19:00","date_gmt":"2023-08-16T20:19:00","guid":{"rendered":"https:\/\/noticiasdestaque.com.br\/index.php\/2023\/08\/16\/marina-silva-defende-seguranca-juridica-para-o-conama\/"},"modified":"2023-08-16T20:19:00","modified_gmt":"2023-08-16T20:19:00","slug":"marina-silva-defende-seguranca-juridica-para-o-conama","status":"publish","type":"post","link":"https:\/\/noticiasdestaque.com.br\/index.php\/2023\/08\/16\/marina-silva-defende-seguranca-juridica-para-o-conama\/","title":{"rendered":"Marina Silva defende seguran\u00e7a jur\u00eddica para o Conama"},"content":{"rendered":"<style> bloco.meta {font-style: italic; color: #666;font-weight: 600;font-size: .8em; \/* line-height: .3em; *\/}  text h2 { font-weight: 700 !important;  color: #062f46 !important;} text img { width: none; left: none;}<\/style>\n<\/p>\n<p>Na abertura da reuni\u00e3o do Conselho Nacional do Meio Ambiente (Conama), nesta quarta-feira (16), a ministra do Meio Ambiente e Mudan\u00e7a do Clima, Marina Silva, considerou a retomada do regimento interno de 2011 como o passo mais importante, depois da recria\u00e7\u00e3o, para a exist\u00eancia e seguran\u00e7a jur\u00eddica do colegiado. A medida ser\u00e1 votada na pauta do encontro e prop\u00f5e que o regimento interno de 2019 n\u00e3o seja a regulamenta\u00e7\u00e3o que vai orientar os trabalhos do conselho nos pr\u00f3ximos anos.<aimg src=\"https:\/\/aagenciabrasil.ebc.com.br\/ebc.apng?id=1549294 o=node\" style=\"width:1px; height:1px; display:inline;\"><\/aimg><aimg src=\"https:\/\/aagenciabrasil.ebc.com.br\/ebc.agif?id=1549294 o=node\" style=\"width:1px; height:1px; display:inline;\"><\/aimg><\/p>\n<p>Segundo a ministra, a decis\u00e3o pela escolha das regras estabelecidas 12 anos atr\u00e1s \u00e9 resultado de uma an\u00e1lise jur\u00eddica e tamb\u00e9m uma forma de assegurar o funcionamento do conselho, com seguran\u00e7a jur\u00eddica, de forma mais r\u00e1pida. \u201cA partir dele, com a devida seguran\u00e7a jur\u00eddica, o grupo de trabalho poder\u00e1 se debru\u00e7ar e fazer os aprimoramentos e as atualiza\u00e7\u00f5es\u201d, destacou.<\/p>\n<p>Respons\u00e1vel por debater quest\u00f5es relativas ao Sistema Nacional do Meio Ambiente, o Conama foi criado em 1984 e extinto depois de 37 anos, em 2021. Em 1\u00ba de janeiro de 2023, o presidente Luiz In\u00e1cio Lula da Silva decretou a retomada do colegiado, que re\u00fane representantes do governo federal, dos estados, munic\u00edpios e de diferentes segmentos da sociedade.<\/p>\n<h2>PAC<\/h2>\n<p>Durante a abertura da reuni\u00e3o, Marina destacou ainda a import\u00e2ncia do conselho no fortalecimento do Sistema Nacional de Meio Ambiente e na transi\u00e7\u00e3o ecol\u00f3gica da economia brasileira. Segundo a ministra, o lan\u00e7amento do Programa de Acelera\u00e7\u00e3o do Crescimento (PAC), no Rio de Janeiro, mostrou que o governo est\u00e1 comprometido com essa transi\u00e7\u00e3o que coloca a sustentabilidade como eixo do desenvolvimento econ\u00f4mico.<\/p>\n<h2>Desmatamento<\/h2>\n<p>Como reflexo dessa forma de gest\u00e3o, Marina destacou o fortalecimento das institui\u00e7\u00f5es como os institutos Brasileiro do Meio Ambiente e dos Recursos Naturais Renov\u00e1veis (Ibama) e Chico Mendes de Conserva\u00e7\u00e3o da Biodiversidade (ICMBio), que j\u00e1 impactam na redu\u00e7\u00e3o de 42% do desmatamento da Amaz\u00f4nia, nos \u00faltimos sete meses, e de 66%, no m\u00eas de julho.<\/p>\n<h2>C\u00fapula da Amaz\u00f4nia<\/h2>\n<p>Marina Silva tamb\u00e9m fez um balan\u00e7o sobre a C\u00fapula da Amaz\u00f4nia, realizada no in\u00edcio de agosto, em Bel\u00e9m. Ela considerou que o encontro evidenciou uma emerg\u00eancia colocada para a Amaz\u00f4nia, para os povos tradicionais e para o mundo em rela\u00e7\u00e3o ao bioma.<\/p>\n<p>Para ela, a <a href=\"https:\/\/agenciabrasil.ebc.com.br\/geral\/noticia\/2023-08\/presidentes-de-oito-paises-amazonicos-assinam-declaracao-de-belem\" target=\"_blank\">Declara\u00e7\u00e3o de Bel\u00e9m<\/a> demonstra o compromisso n\u00e3o apenas do governo, mas tamb\u00e9m da sociedade brasileira e de todos os pa\u00edses da Amaz\u00f4nia. \u201cO compromisso foi significativamente ampliado com esse encontro importante e o compromisso de todos os governos de que a Amaz\u00f4nia n\u00e3o chegue a um ponto sem volta.\u201d<\/p>\n<p class=\"alt-font font-italic my-2 small text-info\">\n                                                Edi\u00e7\u00e3o:   Juliana Andrade                    <\/p>\n<p>            <!-- blog End --><\/p>\n<p>            <!-- tag and share --><\/p>\n<p> Fonte: EBC <\/p>\n<input type=\"hidden\" id=\"baseurl\" value=\"https:\/\/noticiasdestaque.com.br\"><input type=\"hidden\" id=\"audio_nonce\" value=\"6f73a554f1\">","protected":false},"excerpt":{"rendered":"<p>Ministra abriu reuni\u00e3o do conselho nesta quarta-feira (16)<\/p>\n","protected":false},"author":1,"featured_media":9421,"comment_status":"open","ping_status":"open","sticky":false,"template":"","format":"standard","meta":{"fifu_image_url":"","fifu_image_alt":"","footnotes":""},"categories":[1],"tags":[],"class_list":["post-9419","post","type-post","status-publish","format-standard","has-post-thumbnail","hentry","category-uncategorized"],"distributor_meta":false,"distributor_terms":false,"distributor_media":false,"distributor_original_site_name":"Noticias em Destaque","distributor_original_site_url":"https:\/\/noticiasdestaque.com.br","push-errors":false,"_links":{"self":[{"href":"https:\/\/noticiasdestaque.com.br\/index.php\/wp-json\/wp\/v2\/posts\/9419","targetHints":{"allow":["GET"]}}],"collection":[{"href":"https:\/\/noticiasdestaque.com.br\/index.php\/wp-json\/wp\/v2\/posts"}],"about":[{"href":"https:\/\/noticiasdestaque.com.br\/index.php\/wp-json\/wp\/v2\/types\/post"}],"author":[{"embeddable":true,"href":"https:\/\/noticiasdestaque.com.br\/index.php\/wp-json\/wp\/v2\/users\/1"}],"replies":[{"embeddable":true,"href":"https:\/\/noticiasdestaque.com.br\/index.php\/wp-json\/wp\/v2\/comments?post=9419"}],"version-history":[{"count":1,"href":"https:\/\/noticiasdestaque.com.br\/index.php\/wp-json\/wp\/v2\/posts\/9419\/revisions"}],"predecessor-version":[{"id":9420,"href":"https:\/\/noticiasdestaque.com.br\/index.php\/wp-json\/wp\/v2\/posts\/9419\/revisions\/9420"}],"wp:featuredmedia":[{"embeddable":true,"href":"https:\/\/noticiasdestaque.com.br\/index.php\/wp-json\/wp\/v2\/media\/9421"}],"wp:attachment":[{"href":"https:\/\/noticiasdestaque.com.br\/index.php\/wp-json\/wp\/v2\/media?parent=9419"}],"wp:term":[{"taxonomy":"category","embeddable":true,"href":"https:\/\/noticiasdestaque.com.br\/index.php\/wp-json\/wp\/v2\/categories?post=9419"},{"taxonomy":"post_tag","embeddable":true,"href":"https:\/\/noticiasdestaque.com.br\/index.php\/wp-json\/wp\/v2\/tags?post=9419"}],"curies":[{"name":"wp","href":"https:\/\/api.w.org\/{rel}","templated":true}]}}