{"id":9407,"date":"2023-08-16T15:49:00","date_gmt":"2023-08-16T15:49:00","guid":{"rendered":"https:\/\/noticiasdestaque.com.br\/index.php\/2023\/08\/16\/prates-minimiza-risco-na-exploracao-de-petroleo-na-margem-equatorial\/"},"modified":"2023-08-16T15:49:00","modified_gmt":"2023-08-16T15:49:00","slug":"prates-minimiza-risco-na-exploracao-de-petroleo-na-margem-equatorial","status":"publish","type":"post","link":"https:\/\/noticiasdestaque.com.br\/index.php\/2023\/08\/16\/prates-minimiza-risco-na-exploracao-de-petroleo-na-margem-equatorial\/","title":{"rendered":"Prates minimiza risco na explora\u00e7\u00e3o de petr\u00f3leo na margem equatorial"},"content":{"rendered":"<style> bloco.meta {font-style: italic; color: #666;font-weight: 600;font-size: .8em; \/* line-height: .3em; *\/}  text h2 { font-weight: 700 !important;  color: #062f46 !important;} text img { width: none; left: none;}<\/style>\n<\/p>\n<p>Cobrado pelo senador do Amap\u00e1 Lucas Barreto (PSD) para se empenhar na explora\u00e7\u00e3o de petr\u00f3leo na margem equatorial brasileira, o presidente da Petrobras, Jean Paul Prates, afirmou nesta quarta-feira (16) que esse \u00e9 um processo que ainda est\u00e1 no in\u00edcio e minimizou os poss\u00edveis riscos ambientais de uma produ\u00e7\u00e3o de petr\u00f3leo naquela regi\u00e3o. Segundo Prates, <a href=\"https:\/\/agenciabrasil.ebc.com.br\/economia\/noticia\/2023-05\/petrobras-pede-reconsideracao-para-explorar-foz-do-amazonas\" target=\"_blank\">caso a licen\u00e7a ambiental seja favor\u00e1vel<\/a> pode-se levar at\u00e9 oito anos para que a produ\u00e7\u00e3o efetivamente comece.<aimg src=\"https:\/\/aagenciabrasil.ebc.com.br\/ebc.apng?id=1549384 o=node\" style=\"width:1px; height:1px; display:inline;\"><\/aimg><aimg src=\"https:\/\/aagenciabrasil.ebc.com.br\/ebc.agif?id=1549384 o=node\" style=\"width:1px; height:1px; display:inline;\"><\/aimg><\/p>\n<p>O presidente da Petrobras participou nesta quarta-feira de audi\u00eancia p\u00fablica conjunta no Senado das comiss\u00f5es de Infraestrutura e de Desenvolvimento Regional e Turismo. Na ocasi\u00e3o, ele defendeu que houve uma exacerba\u00e7\u00e3o em torno do pedido da estatal para perfurar po\u00e7os explorat\u00f3rios pr\u00f3ximos \u00e0 costa da Amap\u00e1, como se a empresa fosse inaugurar a produ\u00e7\u00e3o de petr\u00f3leo na regi\u00e3o.<\/p>\n<p>\u201cIsso j\u00e1 existe. Escoa petr\u00f3leo pelo Rio Amazonas todos os dias chegando \u00e0 refinaria de Manaus\u201d, explicou. O Polo de Urucu, por exemplo, explora petr\u00f3leo na Amaz\u00f4nia desde 1986.<\/p>\n<p>O presidente da Petrobras argumentou que, entre as explora\u00e7\u00f5es de petr\u00f3leo na regi\u00e3o, essa seria a menos arriscada. \u201cMesmo [que] venha a produzir sistematicamente, \u00e9 a que tem menos potencial de causar danos e a que tem mais condi\u00e7\u00f5es de gerar receitas governamentais e receitas para popula\u00e7\u00e3o local\u201d, justificou ele, que prometeu \u201ctodo o empenho\u201d para descobrir se h\u00e1 petr\u00f3leo comercialmente vi\u00e1vel na margem equatorial brasileira, que \u00e9 a regi\u00e3o que vai da costa do Amap\u00e1 at\u00e9 o Rio Grande do Norte.<\/p>\n<p>Prates acrescentou ainda que nunca houve vazamento em po\u00e7os explorat\u00f3rios feitos pela estatal, mas ponderou que na produ\u00e7\u00e3o de petr\u00f3leo esse tipo de ocorr\u00eancia \u00e9 poss\u00edvel. \u201cIsso est\u00e1 sujeito a vazamento, em todas as empresas tem isso. A Petrobras tem hist\u00f3rico baixo de acidentes e incidentes de vazamento de petr\u00f3leo\u201d, completou.<\/p>\n<p>Contudo, Prates lembrou que a regi\u00e3o que a estatal quer perfurar fica a 170 quil\u00f4metros da costa do Amap\u00e1 e a 580 quil\u00f4metros da foz do Amazonas. \u201cInclusive no processo de licenciamento isso est\u00e1 dito, que a possibilidade do \u00f3leo eventualmente vazado num sistema de produ\u00e7\u00e3o, n\u00e3o de perfura\u00e7\u00e3o, encostar na costa \u00e9 muito remota, muit\u00edssimo remota, porque as correntes mar\u00edtimas, ventos, tudo leva para o lado de Barbados [pa\u00eds do Caribe]. Isso n\u00e3o quer dizer que n\u00e3o temos que tomar cuidado, evidentemente\u201d, concluiu.<\/p>\n<h2>Explora\u00e7\u00e3o e produ\u00e7\u00e3o<\/h2>\n<p>Prates diferenciou a licen\u00e7a ambiental pedida pela Petrobras, que \u00e9 para descobrir se h\u00e1 ou n\u00e3o petr\u00f3leo na regi\u00e3o, de uma futura licen\u00e7a para produzir o \u00f3leo. Caso descubra petr\u00f3leo na regi\u00e3o, ser\u00e1 necess\u00e1rio fazer uma an\u00e1lise para saber se esse \u00f3leo \u00e9 comercialmente vi\u00e1vel.  <\/p>\n<p>\u201cAquela descoberta pode n\u00e3o ser comercial, tem no meio uma avalia\u00e7\u00e3o econ\u00f4mica\u201d, explicou Prates, que lembrou que \u00e9 preciso construir a infraestrutura para produzir petr\u00f3leo em escala comercial. \u201cEstamos falando aqui de pelo menos cinco a oito anos para ter o primeiro \u00f3leo nessa \u00e1rea se a gente receber a licen\u00e7a nesse ano ou in\u00edcio do ano que vem\u201d, completou.<\/p>\n<h2>Transi\u00e7\u00e3o energ\u00e9tica<\/h2>\n<p>Prates defendeu que a transi\u00e7\u00e3o energ\u00e9tica deve ser financiada pela explora\u00e7\u00e3o de petr\u00f3leo. Segundo ele, a transi\u00e7\u00e3o para uma economia com menos queima de combust\u00edvel f\u00f3ssil ser\u00e1 lenta, devendo demorar uns 50 anos. Com isso, o presidente da Petrobras discordou do movimento internacional Just Stop Oil (Apenas Pare o \u00d3leo, em portugu\u00eas). Esse grupo defende a proibi\u00e7\u00e3o de toda e qualquer nova licita\u00e7\u00e3o de explora\u00e7\u00e3o de petr\u00f3leo para for\u00e7ar uma transi\u00e7\u00e3o energ\u00e9tica mais r\u00e1pida.<\/p>\n<p>Para Prates, a transi\u00e7\u00e3o energ\u00e9tica n\u00e3o \u00e9 ruptura energ\u00e9tica. Ele criticou a tentativa de se proibir a explora\u00e7\u00e3o de petr\u00f3leo em determinas \u00e1reas para acelerar essa transi\u00e7\u00e3o. \u201cA transi\u00e7\u00e3o energ\u00e9tica para empresa de petr\u00f3leo \u00e9 uma metamorfose ambulante, tem que investir em petr\u00f3leo para pagar a transi\u00e7\u00e3o energ\u00e9tica\u201d, defendeu.<\/p>\n<p class=\"alt-font font-italic my-2 small text-info\">\n                                                Edi\u00e7\u00e3o:   Juliana Andrade                    <\/p>\n<p>            <!-- blog End --><\/p>\n<p>            <!-- tag and share --><\/p>\n<p> Fonte: EBC <\/p>\n<input type=\"hidden\" id=\"baseurl\" value=\"https:\/\/noticiasdestaque.com.br\"><input type=\"hidden\" id=\"audio_nonce\" value=\"6a24ca502e\">","protected":false},"excerpt":{"rendered":"<p>Presidente da Petrobras\u00a0participou de audi\u00eancia p\u00fablica no Senado<\/p>\n","protected":false},"author":1,"featured_media":9409,"comment_status":"open","ping_status":"open","sticky":false,"template":"","format":"standard","meta":{"fifu_image_url":"","fifu_image_alt":"","footnotes":""},"categories":[1],"tags":[106],"class_list":["post-9407","post","type-post","status-publish","format-standard","has-post-thumbnail","hentry","category-uncategorized","tag-brunna-pareja"],"distributor_meta":false,"distributor_terms":false,"distributor_media":false,"distributor_original_site_name":"Noticias em Destaque","distributor_original_site_url":"https:\/\/noticiasdestaque.com.br","push-errors":false,"_links":{"self":[{"href":"https:\/\/noticiasdestaque.com.br\/index.php\/wp-json\/wp\/v2\/posts\/9407","targetHints":{"allow":["GET"]}}],"collection":[{"href":"https:\/\/noticiasdestaque.com.br\/index.php\/wp-json\/wp\/v2\/posts"}],"about":[{"href":"https:\/\/noticiasdestaque.com.br\/index.php\/wp-json\/wp\/v2\/types\/post"}],"author":[{"embeddable":true,"href":"https:\/\/noticiasdestaque.com.br\/index.php\/wp-json\/wp\/v2\/users\/1"}],"replies":[{"embeddable":true,"href":"https:\/\/noticiasdestaque.com.br\/index.php\/wp-json\/wp\/v2\/comments?post=9407"}],"version-history":[{"count":1,"href":"https:\/\/noticiasdestaque.com.br\/index.php\/wp-json\/wp\/v2\/posts\/9407\/revisions"}],"predecessor-version":[{"id":9408,"href":"https:\/\/noticiasdestaque.com.br\/index.php\/wp-json\/wp\/v2\/posts\/9407\/revisions\/9408"}],"wp:featuredmedia":[{"embeddable":true,"href":"https:\/\/noticiasdestaque.com.br\/index.php\/wp-json\/wp\/v2\/media\/9409"}],"wp:attachment":[{"href":"https:\/\/noticiasdestaque.com.br\/index.php\/wp-json\/wp\/v2\/media?parent=9407"}],"wp:term":[{"taxonomy":"category","embeddable":true,"href":"https:\/\/noticiasdestaque.com.br\/index.php\/wp-json\/wp\/v2\/categories?post=9407"},{"taxonomy":"post_tag","embeddable":true,"href":"https:\/\/noticiasdestaque.com.br\/index.php\/wp-json\/wp\/v2\/tags?post=9407"}],"curies":[{"name":"wp","href":"https:\/\/api.w.org\/{rel}","templated":true}]}}