{"id":9404,"date":"2023-08-16T16:18:00","date_gmt":"2023-08-16T16:18:00","guid":{"rendered":"https:\/\/noticiasdestaque.com.br\/index.php\/2023\/08\/16\/a-taxa-de-desemprego-recua-em-oito-de-unidades-da-federacao-no-segundo-trimestre\/"},"modified":"2023-08-16T16:18:00","modified_gmt":"2023-08-16T16:18:00","slug":"a-taxa-de-desemprego-recua-em-oito-de-unidades-da-federacao-no-segundo-trimestre","status":"publish","type":"post","link":"https:\/\/noticiasdestaque.com.br\/index.php\/2023\/08\/16\/a-taxa-de-desemprego-recua-em-oito-de-unidades-da-federacao-no-segundo-trimestre\/","title":{"rendered":"A taxa de desemprego recua em oito de 27 unidades da Federa\u00e7\u00e3o no segundo trimestre"},"content":{"rendered":"<p>A taxa de desocupa\u00e7\u00e3o no Brasil \u2014 ou seja a taxa de pessoas que est\u00e3o desempregadas  \u2014 no segundo trimestre de 2023 foi de 8,0%, caindo 0,8 ponto percentual (p.p.) ante o primeiro trimestre deste ano (8,8%) e 1,3 p.p. frente ao mesmo trimestre de 2022 (9,3%).<\/p>\n<p>Em rela\u00e7\u00e3o ao trimestre anterior, a taxa de desocupa\u00e7\u00e3o diminuiu em quatro das cinco grandes regi\u00f5es, mantendo-se est\u00e1vel no Sul. <\/p>\n<p>Entre as regi\u00f5es, o Nordeste permaneceu com a maior taxa (11,3%), e o Sul, com a menor (4,7%).<\/p>\n<p>Tamb\u00e9m, houve redu\u00e7\u00e3o em oito das 27 unidades da Federa\u00e7\u00e3o, sendo elas: Rio Grande do Norte (10,2%), Maranh\u00e3o (8,8%), Distrito Federal (8,7%), Cear\u00e1 (8,6%), Par\u00e1 (8,6%), S\u00e3o Paulo (7,8%), Minas Gerais (5,8%) e Mato Grosso (3,0%). <\/p>\n<p>As maiores taxas de desocupa\u00e7\u00e3o s\u00e3o de Pernambuco (14,2%), Bahia (13,4%) e Amap\u00e1 (12,4%), e as menores, de Rond\u00f4nia (2,4%), Mato Grosso (3,0%) e Santa Catarina (3,5%).<\/p>\n<p>Entre os g\u00eaneros, a taxa de desocupa\u00e7\u00e3o foi de 6,9% para os homens e 9,6% para as mulheres no segundo trimestre de 2023. <\/p>\n<p>J\u00e1 a taxa de desocupa\u00e7\u00e3o por cor ou ra\u00e7a ficou abaixo da m\u00e9dia nacional (8,0%) para os brancos (6,3%) e acima para os pretos (10,0%) e pardos (9,3%).<\/p>\n<p>A taxa de desocupa\u00e7\u00e3o para as pessoas com ensino m\u00e9dio incompleto (13,6%) foi maior que as taxas dos demais n\u00edveis de instru\u00e7\u00e3o analisados.   <\/p>\n<p>Para as pessoas com n\u00edvel superior incompleto, a taxa foi de 8,3%, mais que o dobro da verificada para o n\u00edvel superior completo (3,8%).<\/p>\n<p>J\u00e1 a taxa de subutiliza\u00e7\u00e3o da for\u00e7a de trabalho, ou seja o percentual de pessoas subocupadas por insufici\u00eancia de horas trabalhadas, foi de aproximadamente 18,0%. <\/p>\n<p>Os desalentados, ou seja, aqueles que gostariam de trabalhar, por\u00e9m n\u00e3o procuram emprego por achar que n\u00e3o encontrariam, somam 3,3% no segundo trimestre de 2023. <\/p>\n<p>O percentual de empregados no setor privado \u00e9 de aproximadamente 74,0%. Os ocupados por conta pr\u00f3pria somam 25,5% dos empregados e a taxa de informalidade foi de 40,0%. <\/p>\n<p>No Brasil, 2,04 milh\u00f5es de pessoas est\u00e3o procurando trabalho por dois anos ou mais. Esse contingente \u00e9 31% menor do que o observado no mesmo trimestre do ano anterior. <\/p>\n<p>J\u00e1 em rela\u00e7\u00e3o a 2012, que foi o primeiro ano de contagem da s\u00e9rie, o n\u00famero total de pessoas buscando trabalho por dois anos ou mais cresceu 34,2%.   <\/p>\n<p>O rendimento m\u00e9dio real mensal habitual foi de R$ 2.921, ficando est\u00e1vel frente ao primeiro trimestre de 2023. <\/p>\n<p>Este valor \u00e9 crescente frente ao mesmo trimestre de 2022 (R$ 2.750),<\/p>\n<p>Na compara\u00e7\u00e3o com o primeiro trimestre deste ano, o norte teve crescimento no rendimento, enquanto as demais regi\u00f5es ficaram est\u00e1veis. <\/p>\n<p>Os dados foram divulgados pela <a href=\"https:\/\/agenciadenoticias.ibge.gov.br\/agencia-sala-de-imprensa\/2013-agencia-de-noticias\/releases\/37664-pnad-continua-trimestral-desocupacao-recua-em-oito-das-27-ufs-no-segundo-trimestre-de-2023\">Pesquisa Nacional por Amostra de Domic\u00edlios<\/a>, a PNAD, do IBGE. \n <\/p>\n<p> Fonte: Brasil61<\/p>\n<input type=\"hidden\" id=\"baseurl\" value=\"https:\/\/noticiasdestaque.com.br\"><input type=\"hidden\" id=\"audio_nonce\" value=\"6a24ca502e\">","protected":false},"excerpt":{"rendered":"<p>A taxa de desemprego medida pelo IBGE foi de 8,0% no segundo trimestre de 2023<\/p>\n","protected":false},"author":1,"featured_media":9406,"comment_status":"open","ping_status":"open","sticky":false,"template":"","format":"standard","meta":{"fifu_image_url":"","fifu_image_alt":"","footnotes":""},"categories":[1],"tags":[107],"class_list":["post-9404","post","type-post","status-publish","format-standard","has-post-thumbnail","hentry","category-uncategorized","tag-closer-vendedor-milionario"],"distributor_meta":false,"distributor_terms":false,"distributor_media":false,"distributor_original_site_name":"Noticias em Destaque","distributor_original_site_url":"https:\/\/noticiasdestaque.com.br","push-errors":false,"_links":{"self":[{"href":"https:\/\/noticiasdestaque.com.br\/index.php\/wp-json\/wp\/v2\/posts\/9404","targetHints":{"allow":["GET"]}}],"collection":[{"href":"https:\/\/noticiasdestaque.com.br\/index.php\/wp-json\/wp\/v2\/posts"}],"about":[{"href":"https:\/\/noticiasdestaque.com.br\/index.php\/wp-json\/wp\/v2\/types\/post"}],"author":[{"embeddable":true,"href":"https:\/\/noticiasdestaque.com.br\/index.php\/wp-json\/wp\/v2\/users\/1"}],"replies":[{"embeddable":true,"href":"https:\/\/noticiasdestaque.com.br\/index.php\/wp-json\/wp\/v2\/comments?post=9404"}],"version-history":[{"count":1,"href":"https:\/\/noticiasdestaque.com.br\/index.php\/wp-json\/wp\/v2\/posts\/9404\/revisions"}],"predecessor-version":[{"id":9405,"href":"https:\/\/noticiasdestaque.com.br\/index.php\/wp-json\/wp\/v2\/posts\/9404\/revisions\/9405"}],"wp:featuredmedia":[{"embeddable":true,"href":"https:\/\/noticiasdestaque.com.br\/index.php\/wp-json\/wp\/v2\/media\/9406"}],"wp:attachment":[{"href":"https:\/\/noticiasdestaque.com.br\/index.php\/wp-json\/wp\/v2\/media?parent=9404"}],"wp:term":[{"taxonomy":"category","embeddable":true,"href":"https:\/\/noticiasdestaque.com.br\/index.php\/wp-json\/wp\/v2\/categories?post=9404"},{"taxonomy":"post_tag","embeddable":true,"href":"https:\/\/noticiasdestaque.com.br\/index.php\/wp-json\/wp\/v2\/tags?post=9404"}],"curies":[{"name":"wp","href":"https:\/\/api.w.org\/{rel}","templated":true}]}}