{"id":9389,"date":"2023-08-15T06:30:00","date_gmt":"2023-08-15T06:30:00","guid":{"rendered":"https:\/\/noticiasdestaque.com.br\/index.php\/2023\/08\/15\/o-que-e-demencia-frontotemporal-quais-os-sintomas-e-o-tratamento\/"},"modified":"2023-08-15T06:30:00","modified_gmt":"2023-08-15T06:30:00","slug":"o-que-e-demencia-frontotemporal-quais-os-sintomas-e-o-tratamento","status":"publish","type":"post","link":"https:\/\/noticiasdestaque.com.br\/index.php\/2023\/08\/15\/o-que-e-demencia-frontotemporal-quais-os-sintomas-e-o-tratamento\/","title":{"rendered":"O que \u00e9 dem\u00eancia frontotemporal? Quais os sintomas e o tratamento?"},"content":{"rendered":"<p>Voc\u00ea conhece algu\u00e9m que est\u00e1 tendo comportamentos diferentes, socialmente inadequados? Ou est\u00e1 com dificuldades para falar ou reconhecer objetos? J\u00e1 ouviu falar de dem\u00eancia frontotemporal? <\/p>\n<p>O termo dem\u00eancia significa uma diminui\u00e7\u00e3o lenta e progressiva da fun\u00e7\u00e3o mental que afeta a mem\u00f3ria, pensamento e a capacidade de aprender. A dem\u00eancia frontotemporal \u00e9 a segunda causa mais comum de dem\u00eancia em adultos com menos de 65 anos, sendo a dem\u00eancia de Alzheimer a primeira. No entanto, uma caracter\u00edstica marcante da dem\u00eancia frontotemporal \u00e9 que ela preserva a mem\u00f3ria por um per\u00edodo inicial, o que pode dificultar o diagn\u00f3stico.<\/p>\n<p dir=\"ltr\">Ao contr\u00e1rio do Alzheimer, a dem\u00eancia frontotemporal afeta principalmente as regi\u00f5es do c\u00e9rebro respons\u00e1veis pelo comportamento, personalidade e linguagem. Isso resulta em sintomas distintos dos observados na doen\u00e7a de Alzheimer.<\/p>\n<h2 dir=\"ltr\">Sintomas <\/h2>\n<p dir=\"ltr\">Os sintomas da dem\u00eancia frontotemporal podem ser divididos em duas categorias principais: <\/p>\n<p><strong>Comportamentais e de personalidade:<\/strong><\/p>\n<ol>\n<li>A pessoa fica mais irritada, grosseira e agressiva, possui dificuldade na regula\u00e7\u00e3o de emo\u00e7\u00f5es com oscila\u00e7\u00f5es de humor, onde as rea\u00e7\u00f5es de alegria e tristeza s\u00e3o mais intensas;<\/li>\n<li aria-level=\"1\" dir=\"ltr\">\n<p dir=\"ltr\" role=\"presentation\">Descuido com a higiene pessoal, como n\u00e3o tomar banho, deixar de escovar os dentes;<\/p>\n<\/li>\n<li aria-level=\"1\" dir=\"ltr\">\n<p dir=\"ltr\" role=\"presentation\">Perda de empatia e indiferen\u00e7a com as necessidades de outras pessoas;<\/p>\n<\/li>\n<li aria-level=\"1\" dir=\"ltr\">\n<p dir=\"ltr\" role=\"presentation\">Falta de senso cr\u00edtico;<\/p>\n<\/li>\n<li aria-level=\"1\" dir=\"ltr\">\n<p dir=\"ltr\" role=\"presentation\">Comportamentos socialmente inadequados, como incomodar pessoas na rua, fazer piadas inadequadas;<\/p>\n<\/li>\n<li aria-level=\"1\" dir=\"ltr\">\n<p dir=\"ltr\" role=\"presentation\">Impulsividade;<\/p>\n<\/li>\n<li aria-level=\"1\" dir=\"ltr\">\n<p dir=\"ltr\" role=\"presentation\">Em casos mais graves, podem ocorrer comportamentos bizarros, como erotiza\u00e7\u00e3o e desinibi\u00e7\u00e3o sexual, usando palavras de baixo cal\u00e3o e a perda do pudor.<\/p>\n<\/li>\n<\/ol>\n<p dir=\"ltr\" role=\"presentation\"><strong>Linguagem e fala:<\/strong><\/p>\n<p dir=\"ltr\" role=\"presentation\">Essa por sua vez \u00e9 progressivamente afetada, podendo ocorrer dificuldades na compreens\u00e3o e na express\u00e3o verbal, com redu\u00e7\u00e3o na capacidade de falar. Os principais sintomas s\u00e3o:<\/p>\n<ol>\n<li aria-level=\"1\" dir=\"ltr\">\n<p dir=\"ltr\" role=\"presentation\">Dificuldade de compreender a fala, n\u00e3o entendendo o significado das palavras;<\/p>\n<\/li>\n<li aria-level=\"1\" dir=\"ltr\">\n<p dir=\"ltr\" role=\"presentation\">Preju\u00edzo na capacidade de produzir palavras e formar frases complexas;<\/p>\n<\/li>\n<li aria-level=\"1\" dir=\"ltr\">\n<p dir=\"ltr\" role=\"presentation\">Dificuldade de reconhecer objetos e pessoas e problemas em nome\u00e1-los.<\/p>\n<\/li>\n<\/ol>\n<p>As pessoas com dem\u00eancia frontotemporal, acabam perdendo a capacidade de usar as palavras para se expressar, n\u00e3o porque a mem\u00f3ria falha, mas por causa da disfun\u00e7\u00e3o do l\u00f3bulo frontal. Com a evolu\u00e7\u00e3o da doen\u00e7a, podem deixar de falar definitivamente. Alguns pacientes desenvolvem atrofia muscular generalizada, fraqueza, podendo ocorrer tamb\u00e9m dificuldades de mastigar e engolir.<\/p>\n<h2 dir=\"ltr\">Diagn\u00f3stico <\/h2>\n<p dir=\"ltr\">N\u00e3o existe um exame \u00fanico para o diagn\u00f3stico. \u00c9 realizado com base na hist\u00f3ria cl\u00ednica, sinais e sintomas relatados pelos pacientes e seus familiares, j\u00e1 que os pacientes n\u00e3o percebem suas dificuldades. \u00c9 preciso excluir outras causas j\u00e1 que alguns sintomas podem estar associados a outras doen\u00e7as, assim \u00e9 realizada uma investiga\u00e7\u00e3o minuciosa, com a realiza\u00e7\u00e3o de exames espec\u00edficos como testes cognitivos, exames de sangue, entre outros.<\/p>\n<h2 dir=\"ltr\">Tratamento <\/h2>\n<p dir=\"ltr\">Infelizmente, n\u00e3o existe uma cura ou tratamento espec\u00edfico para a dem\u00eancia frontotemporal, o tratamento tem como objetivo melhorar os sintomas. O paciente que apresenta quadro depressivo, s\u00e3o recomendados antidepressivos por tempo limitado. Para as altera\u00e7\u00f5es de comportamento, s\u00e3o indicados neurol\u00e9pticos, que s\u00e3o medicamentos que possuem efeitos sedativos e psicomotores.<\/p>\n<p dir=\"ltr\">Criar um ambiente seguro e de apoio, pode ser muito \u00fatil. Geralmente o ambiente deve ser iluminado, seguro, est\u00e1vel e projetado de forma que ajude na organiza\u00e7\u00e3o. Alguns est\u00edmulos como r\u00e1dio e televis\u00e3o s\u00e3o \u00fateis, mas est\u00edmulos excessivos devem ser evitados. Uma rotina bem estabelecida ajuda pessoas com dem\u00eancia frontotemporal a terem uma sensa\u00e7\u00e3o de seguran\u00e7a e estabilidade. <\/p>\n<h2 dir=\"ltr\">Qual a causa da dem\u00eancia frontotemporal?<\/h2>\n<p dir=\"ltr\">Sabemos que existem altera\u00e7\u00f5es gen\u00e9ticas que podem predispor esse tipo de dem\u00eancia. Cerca de 10 a 20% das pessoas que possuem dem\u00eancia frontotemporal, t\u00eam ou tiveram parentes que possu\u00edam sintomas parecidos. <\/p>\n<p>Para mais detalhes, assista o v\u00eddeo no canal Doutor Ajuda.<\/p>\n<p><iframe loading=\"lazy\" allow=\"accelerometer; autoplay; clipboard-write; encrypted-media; gyroscope; picture-in-picture; web-share\" allowfullscreen=\"\" frameborder=\"0\" height=\"450\" scrolling=\"no\" src=\"https:\/\/www.youtube.com\/embed\/j-1zeQVzaqs\" title=\"DEM\u00caNCIA FRONTOTEMPORAL: O QUE \u00c9, SINTOMAS, DIAGN\u00d3STICO E TRATAMENTO\" width=\"770\"><\/iframe><\/p>\n<p> Fonte: Brasil61<\/p>\n<input type=\"hidden\" id=\"baseurl\" value=\"https:\/\/noticiasdestaque.com.br\"><input type=\"hidden\" id=\"audio_nonce\" value=\"6a24ca502e\">","protected":false},"excerpt":{"rendered":"<p>Neste epis\u00f3dio, a psiquiatra C\u00e9lia Gallo, fala sobre dem\u00eancia frontotemporal<\/p>\n","protected":false},"author":1,"featured_media":9391,"comment_status":"open","ping_status":"open","sticky":false,"template":"","format":"standard","meta":{"fifu_image_url":"","fifu_image_alt":"","footnotes":""},"categories":[1],"tags":[112],"class_list":["post-9389","post","type-post","status-publish","format-standard","has-post-thumbnail","hentry","category-uncategorized","tag-energreener"],"distributor_meta":false,"distributor_terms":false,"distributor_media":false,"distributor_original_site_name":"Noticias em Destaque","distributor_original_site_url":"https:\/\/noticiasdestaque.com.br","push-errors":false,"_links":{"self":[{"href":"https:\/\/noticiasdestaque.com.br\/index.php\/wp-json\/wp\/v2\/posts\/9389","targetHints":{"allow":["GET"]}}],"collection":[{"href":"https:\/\/noticiasdestaque.com.br\/index.php\/wp-json\/wp\/v2\/posts"}],"about":[{"href":"https:\/\/noticiasdestaque.com.br\/index.php\/wp-json\/wp\/v2\/types\/post"}],"author":[{"embeddable":true,"href":"https:\/\/noticiasdestaque.com.br\/index.php\/wp-json\/wp\/v2\/users\/1"}],"replies":[{"embeddable":true,"href":"https:\/\/noticiasdestaque.com.br\/index.php\/wp-json\/wp\/v2\/comments?post=9389"}],"version-history":[{"count":1,"href":"https:\/\/noticiasdestaque.com.br\/index.php\/wp-json\/wp\/v2\/posts\/9389\/revisions"}],"predecessor-version":[{"id":9390,"href":"https:\/\/noticiasdestaque.com.br\/index.php\/wp-json\/wp\/v2\/posts\/9389\/revisions\/9390"}],"wp:featuredmedia":[{"embeddable":true,"href":"https:\/\/noticiasdestaque.com.br\/index.php\/wp-json\/wp\/v2\/media\/9391"}],"wp:attachment":[{"href":"https:\/\/noticiasdestaque.com.br\/index.php\/wp-json\/wp\/v2\/media?parent=9389"}],"wp:term":[{"taxonomy":"category","embeddable":true,"href":"https:\/\/noticiasdestaque.com.br\/index.php\/wp-json\/wp\/v2\/categories?post=9389"},{"taxonomy":"post_tag","embeddable":true,"href":"https:\/\/noticiasdestaque.com.br\/index.php\/wp-json\/wp\/v2\/tags?post=9389"}],"curies":[{"name":"wp","href":"https:\/\/api.w.org\/{rel}","templated":true}]}}