{"id":9386,"date":"2023-08-15T06:00:00","date_gmt":"2023-08-15T06:00:00","guid":{"rendered":"https:\/\/noticiasdestaque.com.br\/index.php\/2023\/08\/15\/custo-da-tecnologia-da-informacao-teve-queda-em-junho-de\/"},"modified":"2023-08-15T06:00:00","modified_gmt":"2023-08-15T06:00:00","slug":"custo-da-tecnologia-da-informacao-teve-queda-em-junho-de","status":"publish","type":"post","link":"https:\/\/noticiasdestaque.com.br\/index.php\/2023\/08\/15\/custo-da-tecnologia-da-informacao-teve-queda-em-junho-de\/","title":{"rendered":"Custo da tecnologia da informa\u00e7\u00e3o teve queda em junho de 2023"},"content":{"rendered":"<p>O \u00cdndice de Custo da Tecnologia da Informa\u00e7\u00e3o (ICTI) registra defla\u00e7\u00e3o de 0,3% em junho de 2023. <\/p>\n<p>O \u00cdndice se encontra 0,04 ponto percentual (p.p) acima da taxa registrada no m\u00eas anterior. <\/p>\n<p>Na compara\u00e7\u00e3o com o mesmo m\u00eas de 2022, a varia\u00e7\u00e3o foi 1 ponto percentual menor. <\/p>\n<p>O \u00cdndice de Custo da Tecnologia da Informa\u00e7\u00e3o (ICTI) tamb\u00e9m mensura a infla\u00e7\u00e3o e, em sua taxa acumulada, est\u00e1 acima de indicadores como IPCA e IGP-M. <\/p>\n<p>As maiores altas ocorrem com os grupos servi\u00e7os profissionais (12%), pessoal (7,25%), aluguel de im\u00f3veis (6,60%) e energia el\u00e9trica (1,20%). <\/p>\n<p>As baixas ocorreram com despesas operacionais (-6,90%), material de consumo, al\u00e9m de deprecia\u00e7\u00e3o e amortiza\u00e7\u00e3o. Estas duas \u00faltimas ca\u00edram 2,37%. <\/p>\n<p>Os dados foram divulgados pelo Instituto de Pesquisa Econ\u00f4mica Aplicada, o IPEA. \n <\/p>\n<p> Fonte: Brasil61<\/p>\n<input type=\"hidden\" id=\"baseurl\" value=\"https:\/\/noticiasdestaque.com.br\"><input type=\"hidden\" id=\"audio_nonce\" value=\"6a24ca502e\">","protected":false},"excerpt":{"rendered":"<p>A defla\u00e7\u00e3o do \u00edndice foi de 0,3%, mas situa-se acima de outros indicadores da infla\u00e7\u00e3o <\/p>\n","protected":false},"author":1,"featured_media":9388,"comment_status":"open","ping_status":"open","sticky":false,"template":"","format":"standard","meta":{"fifu_image_url":"","fifu_image_alt":"","footnotes":""},"categories":[1],"tags":[193],"class_list":["post-9386","post","type-post","status-publish","format-standard","has-post-thumbnail","hentry","category-uncategorized","tag-eginara-nery"],"distributor_meta":false,"distributor_terms":false,"distributor_media":false,"distributor_original_site_name":"Noticias em Destaque","distributor_original_site_url":"https:\/\/noticiasdestaque.com.br","push-errors":false,"_links":{"self":[{"href":"https:\/\/noticiasdestaque.com.br\/index.php\/wp-json\/wp\/v2\/posts\/9386","targetHints":{"allow":["GET"]}}],"collection":[{"href":"https:\/\/noticiasdestaque.com.br\/index.php\/wp-json\/wp\/v2\/posts"}],"about":[{"href":"https:\/\/noticiasdestaque.com.br\/index.php\/wp-json\/wp\/v2\/types\/post"}],"author":[{"embeddable":true,"href":"https:\/\/noticiasdestaque.com.br\/index.php\/wp-json\/wp\/v2\/users\/1"}],"replies":[{"embeddable":true,"href":"https:\/\/noticiasdestaque.com.br\/index.php\/wp-json\/wp\/v2\/comments?post=9386"}],"version-history":[{"count":1,"href":"https:\/\/noticiasdestaque.com.br\/index.php\/wp-json\/wp\/v2\/posts\/9386\/revisions"}],"predecessor-version":[{"id":9387,"href":"https:\/\/noticiasdestaque.com.br\/index.php\/wp-json\/wp\/v2\/posts\/9386\/revisions\/9387"}],"wp:featuredmedia":[{"embeddable":true,"href":"https:\/\/noticiasdestaque.com.br\/index.php\/wp-json\/wp\/v2\/media\/9388"}],"wp:attachment":[{"href":"https:\/\/noticiasdestaque.com.br\/index.php\/wp-json\/wp\/v2\/media?parent=9386"}],"wp:term":[{"taxonomy":"category","embeddable":true,"href":"https:\/\/noticiasdestaque.com.br\/index.php\/wp-json\/wp\/v2\/categories?post=9386"},{"taxonomy":"post_tag","embeddable":true,"href":"https:\/\/noticiasdestaque.com.br\/index.php\/wp-json\/wp\/v2\/tags?post=9386"}],"curies":[{"name":"wp","href":"https:\/\/api.w.org\/{rel}","templated":true}]}}