{"id":9377,"date":"2023-08-15T00:30:00","date_gmt":"2023-08-15T00:30:00","guid":{"rendered":"https:\/\/noticiasdestaque.com.br\/index.php\/2023\/08\/15\/o-tempo-e-a-temperatura-terca-feira-com-muitas-nuvens-em-capitais-do-sul\/"},"modified":"2023-08-15T00:30:00","modified_gmt":"2023-08-15T00:30:00","slug":"o-tempo-e-a-temperatura-terca-feira-com-muitas-nuvens-em-capitais-do-sul","status":"publish","type":"post","link":"https:\/\/noticiasdestaque.com.br\/index.php\/2023\/08\/15\/o-tempo-e-a-temperatura-terca-feira-com-muitas-nuvens-em-capitais-do-sul\/","title":{"rendered":"O TEMPO E A TEMPERATURA: Ter\u00e7a-feira (15) com muitas nuvens em capitais do Sul"},"content":{"rendered":"<p><meta charset=\"utf-8\"><\/p>\n<p>A previs\u00e3o do tempo para esta ter\u00e7a-feira (15) \u00e9 de muitas nuvens e temperatura baixa em Florian\u00f3polis, Porto Alegre e Curitiba. <\/p>\n<p>A temperatura m\u00ednima fica em torno de 9\u00baC e a m\u00e1xima prevista \u00e9 de 26\u00baC. A umidade relativa do ar varia entre 30% e 100%.<\/p>\n<p>As informa\u00e7\u00f5es s\u00e3o do Instituto Nacional de Meteorologia.<\/p>\n<p> Fonte: Brasil61<\/p>\n<input type=\"hidden\" id=\"baseurl\" value=\"https:\/\/noticiasdestaque.com.br\"><input type=\"hidden\" id=\"audio_nonce\" value=\"6a24ca502e\">","protected":false},"excerpt":{"rendered":"<p>A temperatura pode variar entre 9\u00baC e 26\u00baC<\/p>\n","protected":false},"author":1,"featured_media":9379,"comment_status":"open","ping_status":"open","sticky":false,"template":"","format":"standard","meta":{"fifu_image_url":"","fifu_image_alt":"","footnotes":""},"categories":[1],"tags":[],"class_list":["post-9377","post","type-post","status-publish","format-standard","has-post-thumbnail","hentry","category-uncategorized"],"distributor_meta":false,"distributor_terms":false,"distributor_media":false,"distributor_original_site_name":"Noticias em Destaque","distributor_original_site_url":"https:\/\/noticiasdestaque.com.br","push-errors":false,"_links":{"self":[{"href":"https:\/\/noticiasdestaque.com.br\/index.php\/wp-json\/wp\/v2\/posts\/9377","targetHints":{"allow":["GET"]}}],"collection":[{"href":"https:\/\/noticiasdestaque.com.br\/index.php\/wp-json\/wp\/v2\/posts"}],"about":[{"href":"https:\/\/noticiasdestaque.com.br\/index.php\/wp-json\/wp\/v2\/types\/post"}],"author":[{"embeddable":true,"href":"https:\/\/noticiasdestaque.com.br\/index.php\/wp-json\/wp\/v2\/users\/1"}],"replies":[{"embeddable":true,"href":"https:\/\/noticiasdestaque.com.br\/index.php\/wp-json\/wp\/v2\/comments?post=9377"}],"version-history":[{"count":1,"href":"https:\/\/noticiasdestaque.com.br\/index.php\/wp-json\/wp\/v2\/posts\/9377\/revisions"}],"predecessor-version":[{"id":9378,"href":"https:\/\/noticiasdestaque.com.br\/index.php\/wp-json\/wp\/v2\/posts\/9377\/revisions\/9378"}],"wp:featuredmedia":[{"embeddable":true,"href":"https:\/\/noticiasdestaque.com.br\/index.php\/wp-json\/wp\/v2\/media\/9379"}],"wp:attachment":[{"href":"https:\/\/noticiasdestaque.com.br\/index.php\/wp-json\/wp\/v2\/media?parent=9377"}],"wp:term":[{"taxonomy":"category","embeddable":true,"href":"https:\/\/noticiasdestaque.com.br\/index.php\/wp-json\/wp\/v2\/categories?post=9377"},{"taxonomy":"post_tag","embeddable":true,"href":"https:\/\/noticiasdestaque.com.br\/index.php\/wp-json\/wp\/v2\/tags?post=9377"}],"curies":[{"name":"wp","href":"https:\/\/api.w.org\/{rel}","templated":true}]}}