{"id":9368,"date":"2023-08-14T22:30:00","date_gmt":"2023-08-14T22:30:00","guid":{"rendered":"https:\/\/noticiasdestaque.com.br\/index.php\/2023\/08\/14\/congresso-nacional-deve-ter-semana-intensa-confira-os-destaques\/"},"modified":"2023-08-14T22:30:00","modified_gmt":"2023-08-14T22:30:00","slug":"congresso-nacional-deve-ter-semana-intensa-confira-os-destaques","status":"publish","type":"post","link":"https:\/\/noticiasdestaque.com.br\/index.php\/2023\/08\/14\/congresso-nacional-deve-ter-semana-intensa-confira-os-destaques\/","title":{"rendered":"Congresso Nacional deve ter semana intensa, confira os destaques"},"content":{"rendered":"<p>Muita movimenta\u00e7\u00e3o no Congresso Nacional nesta semana. Reuni\u00f5es, sess\u00f5es e audi\u00eancias p\u00fablicas devem acontecer nos pr\u00f3ximos dias no Senado e na C\u00e2mara dos Deputados. Confira alguns dos eventos previstos.<\/p>\n<p>Na ter\u00e7a-feira (15), est\u00e1 prevista na Comiss\u00e3o Parlamentar Mista de Inqu\u00e9rito, a CPMI do 8 de janeiro, a oitiva de Adriano Machado, fot\u00f3grafo da ag\u00eancia Reuters que participou da cobertura dos atos de vandalismo e depreda\u00e7\u00e3o em Bras\u00edlia no in\u00edcio do ano. Tamb\u00e9m na ter\u00e7a-feira outra Comiss\u00e3o Parlamentar de Inqu\u00e9rito, a  CPI do MST, ter\u00e1 depoimento. Ser\u00e1 a participa\u00e7\u00e3o do l\u00edder do Trabalhadores Rurais Sem Terra, Jo\u00e3o Pedro St\u00e9dile, sobre as ocupa\u00e7\u00f5es promovidas pelo Movimento.<\/p>\n<p>Ainda na ter\u00e7a, a Comiss\u00e3o de Ind\u00fastria, Com\u00e9rcio e Servi\u00e7os realiza audi\u00eancia p\u00fablica sobre taxas de juros e impacto da infla\u00e7\u00e3o para as micro e pequenas empresas. Entre os convidados para o debate est\u00e3o o presidente do  Banco Nacional de Desenvolvimento (BNDES), Aloizio Mercadante, e o presidente do Banco Central do Brasil, Roberto Campos Neto, al\u00e9m de outros representantes do setor banc\u00e1rio e tamb\u00e9m das micro e pequenas empresas.<\/p>\n<p>A import\u00e2ncia das micro e pequenas empresas para a gera\u00e7\u00e3o de postos de trabalho \u00e9 destacada pelo economista Newton Marques, que comenta a realiza\u00e7\u00e3o da audi\u00eancia p\u00fablica. \u201cComo todos sabemos, a micro e pequena empresa \u00e9 a que mais emprega m\u00e3o de obra no pa\u00eds, e a taxa de juros e o impacto da infla\u00e7\u00e3o acaba corroendo os neg\u00f3cios no faturamento da micro e pequena empresa, por isso que \u00e9 muito importante essa discuss\u00e3o, para ter pol\u00edticas p\u00fablicas\u201d, ressaltou.<\/p>\n<p>J\u00e1 na quarta-feira (16), uma audi\u00eancia p\u00fablica da Comiss\u00e3o de Minas e Energia  vai apresentar e discutir as a\u00e7\u00f5es da Petrobras em rela\u00e7\u00e3o \u00e0 energia e\u00f3lica offshore e \u00e0 transi\u00e7\u00e3o energ\u00e9tica. O presidente da Petrobras, Jean Paul Terra Prates, foi convidado para a reuni\u00e3o.<\/p>\n<p>Para quinta-feira (17), est\u00e1 prevista uma sess\u00e3o de debates tem\u00e1ticos  no plen\u00e1rio do Senado Federal sobre a descriminaliza\u00e7\u00e3o do portes de drogas para consumo pessoal.  \n <\/p>\n<p> Fonte: Brasil61<\/p>\n<input type=\"hidden\" id=\"baseurl\" value=\"https:\/\/noticiasdestaque.com.br\"><input type=\"hidden\" id=\"audio_nonce\" value=\"6a24ca502e\">","protected":false},"excerpt":{"rendered":"<p>Depoimentos \u00e0s Comiss\u00f5es Parlamentares  \u2014 do 8 de janeiro e do MST \u2014  s\u00e3o destaque na agenda do Congresso Nacional nesta ter\u00e7a-feira (15). Audi\u00eancias p\u00fablicas sobre taxas de juros e impacto da infla\u00e7\u00e3o para micro e pequenas empresas, al\u00e9m de reuni\u00e3o sobre energia e\u00f3lica offshore e transi\u00e7\u00e3o energ\u00e9tica tamb\u00e9m merecem aten\u00e7\u00e3o<\/p>\n","protected":false},"author":1,"featured_media":9370,"comment_status":"open","ping_status":"open","sticky":false,"template":"","format":"standard","meta":{"fifu_image_url":"","fifu_image_alt":"","footnotes":""},"categories":[1],"tags":[],"class_list":["post-9368","post","type-post","status-publish","format-standard","has-post-thumbnail","hentry","category-uncategorized"],"distributor_meta":false,"distributor_terms":false,"distributor_media":false,"distributor_original_site_name":"Noticias em Destaque","distributor_original_site_url":"https:\/\/noticiasdestaque.com.br","push-errors":false,"_links":{"self":[{"href":"https:\/\/noticiasdestaque.com.br\/index.php\/wp-json\/wp\/v2\/posts\/9368","targetHints":{"allow":["GET"]}}],"collection":[{"href":"https:\/\/noticiasdestaque.com.br\/index.php\/wp-json\/wp\/v2\/posts"}],"about":[{"href":"https:\/\/noticiasdestaque.com.br\/index.php\/wp-json\/wp\/v2\/types\/post"}],"author":[{"embeddable":true,"href":"https:\/\/noticiasdestaque.com.br\/index.php\/wp-json\/wp\/v2\/users\/1"}],"replies":[{"embeddable":true,"href":"https:\/\/noticiasdestaque.com.br\/index.php\/wp-json\/wp\/v2\/comments?post=9368"}],"version-history":[{"count":1,"href":"https:\/\/noticiasdestaque.com.br\/index.php\/wp-json\/wp\/v2\/posts\/9368\/revisions"}],"predecessor-version":[{"id":9369,"href":"https:\/\/noticiasdestaque.com.br\/index.php\/wp-json\/wp\/v2\/posts\/9368\/revisions\/9369"}],"wp:featuredmedia":[{"embeddable":true,"href":"https:\/\/noticiasdestaque.com.br\/index.php\/wp-json\/wp\/v2\/media\/9370"}],"wp:attachment":[{"href":"https:\/\/noticiasdestaque.com.br\/index.php\/wp-json\/wp\/v2\/media?parent=9368"}],"wp:term":[{"taxonomy":"category","embeddable":true,"href":"https:\/\/noticiasdestaque.com.br\/index.php\/wp-json\/wp\/v2\/categories?post=9368"},{"taxonomy":"post_tag","embeddable":true,"href":"https:\/\/noticiasdestaque.com.br\/index.php\/wp-json\/wp\/v2\/tags?post=9368"}],"curies":[{"name":"wp","href":"https:\/\/api.w.org\/{rel}","templated":true}]}}