{"id":9356,"date":"2023-08-14T13:00:00","date_gmt":"2023-08-14T13:00:00","guid":{"rendered":"https:\/\/noticiasdestaque.com.br\/index.php\/2023\/08\/14\/mato-grosso-comercializou-da-soja-produzida-na-safra-em-julho\/"},"modified":"2023-08-14T13:00:00","modified_gmt":"2023-08-14T13:00:00","slug":"mato-grosso-comercializou-da-soja-produzida-na-safra-em-julho","status":"publish","type":"post","link":"https:\/\/noticiasdestaque.com.br\/index.php\/2023\/08\/14\/mato-grosso-comercializou-da-soja-produzida-na-safra-em-julho\/","title":{"rendered":"Mato Grosso comercializou 83,59% da soja produzida na safra 2022\/23 em julho"},"content":{"rendered":"<p>Mato Grosso comercializou 83,59% das 45,316 milh\u00f5es de toneladas de soja produzidas na safra 2022\/23 at\u00e9 o final de julho. De acordo com dados divulgados pelo Imea, houve uma valoriza\u00e7\u00e3o de 3,02% no pre\u00e7o da saca de 60 quilos ante junho.<\/p>\n<p>Apesar da r\u00e1pida comercializa\u00e7\u00e3o, o agr\u00f4nomo e mestre em Desenvolvimento Regional, Deividi Lira, ressalta que a transa\u00e7\u00e3o est\u00e1 atrasada se comparada com a safra anterior. <\/p>\n<p>\u201cEsse avan\u00e7o consider\u00e1vel se deve ao fato de que alguns agricultores aproveitaram para uma alta pontual que houve no estado para fechar alguns neg\u00f3cios referentes \u00e0s safras 2022\/23, mas se a gente comparar a safra anterior a comercializa\u00e7\u00e3o desta ela ainda est\u00e1 atrasada\u201d, ressaltou. <\/p>\n<p>Um exemplo seriam as vendas da oleaginosa que avan\u00e7ou 4,09 pontos percentuais. Mas ao se comparar com o ciclo 2021\/22 est\u00e3o atrasadas ante os 85,86% do per\u00edodo em 2022 e dos 90,61% da m\u00e9dia hist\u00f3rica dos \u00faltimos cinco anos.<\/p>\n<p>Em rela\u00e7\u00e3o \u00e0s cidades que se destacaram nas safras, Sorriso, Diamantino, Nova Mutum, Nova Ubirat\u00e3, Sapezal est\u00e3o entre elas, afirmou Lira.<\/p>\n<p>Quando a gente fala de comercializa\u00e7\u00e3o, \u00e9 importante n\u00f3s levarmos em considera\u00e7\u00e3o a comercializa\u00e7\u00e3o antecipada da safra 2023\/24, que \u00e9 uma estrat\u00e9gia que muitos produtores utilizam para travar os custos da lavoura. Em rela\u00e7\u00e3o \u00e0s cidades do Mato Grosso que lideraram a produ\u00e7\u00e3o na safra 2021\/22 n\u00f3s temos como destaques Sorriso, Diamantino, Nova Mutum, Nova Ubirat\u00e3, Sapezal, entre outras\u201d, concluiu. <\/p>\n<p>No que se refere \u00e0 safra 2023\/24, Mato Grosso, comercializou 21,11% da produ\u00e7\u00e3o de 43 milh\u00f5es de toneladas previstas. Um avan\u00e7o mensal de 4,76 pontos percentuais pautado pela melhoria nos pre\u00e7os da soja e a aproxima\u00e7\u00e3o da semeadura da oleaginosa, devido \u00e0 necessidade em travar os custos de produ\u00e7\u00e3o. \n <\/p>\n<p> Fonte: Brasil61<\/p>\n<input type=\"hidden\" id=\"baseurl\" value=\"https:\/\/noticiasdestaque.com.br\"><input type=\"hidden\" id=\"audio_nonce\" value=\"6f73a554f1\">","protected":false},"excerpt":{"rendered":"<p>De acordo com o Instituto Mato-Grossense de Economia Agropecu\u00e1ria (IMEA), houve uma valoriza\u00e7\u00e3o de 3,02% no pre\u00e7o da saca de 60 quilos ante junho<\/p>\n","protected":false},"author":1,"featured_media":9358,"comment_status":"open","ping_status":"open","sticky":false,"template":"","format":"standard","meta":{"fifu_image_url":"","fifu_image_alt":"","footnotes":""},"categories":[1],"tags":[107],"class_list":["post-9356","post","type-post","status-publish","format-standard","has-post-thumbnail","hentry","category-uncategorized","tag-closer-vendedor-milionario"],"distributor_meta":false,"distributor_terms":false,"distributor_media":false,"distributor_original_site_name":"Noticias em Destaque","distributor_original_site_url":"https:\/\/noticiasdestaque.com.br","push-errors":false,"_links":{"self":[{"href":"https:\/\/noticiasdestaque.com.br\/index.php\/wp-json\/wp\/v2\/posts\/9356","targetHints":{"allow":["GET"]}}],"collection":[{"href":"https:\/\/noticiasdestaque.com.br\/index.php\/wp-json\/wp\/v2\/posts"}],"about":[{"href":"https:\/\/noticiasdestaque.com.br\/index.php\/wp-json\/wp\/v2\/types\/post"}],"author":[{"embeddable":true,"href":"https:\/\/noticiasdestaque.com.br\/index.php\/wp-json\/wp\/v2\/users\/1"}],"replies":[{"embeddable":true,"href":"https:\/\/noticiasdestaque.com.br\/index.php\/wp-json\/wp\/v2\/comments?post=9356"}],"version-history":[{"count":1,"href":"https:\/\/noticiasdestaque.com.br\/index.php\/wp-json\/wp\/v2\/posts\/9356\/revisions"}],"predecessor-version":[{"id":9357,"href":"https:\/\/noticiasdestaque.com.br\/index.php\/wp-json\/wp\/v2\/posts\/9356\/revisions\/9357"}],"wp:featuredmedia":[{"embeddable":true,"href":"https:\/\/noticiasdestaque.com.br\/index.php\/wp-json\/wp\/v2\/media\/9358"}],"wp:attachment":[{"href":"https:\/\/noticiasdestaque.com.br\/index.php\/wp-json\/wp\/v2\/media?parent=9356"}],"wp:term":[{"taxonomy":"category","embeddable":true,"href":"https:\/\/noticiasdestaque.com.br\/index.php\/wp-json\/wp\/v2\/categories?post=9356"},{"taxonomy":"post_tag","embeddable":true,"href":"https:\/\/noticiasdestaque.com.br\/index.php\/wp-json\/wp\/v2\/tags?post=9356"}],"curies":[{"name":"wp","href":"https:\/\/api.w.org\/{rel}","templated":true}]}}