{"id":9353,"date":"2023-08-14T12:30:00","date_gmt":"2023-08-14T12:30:00","guid":{"rendered":"https:\/\/noticiasdestaque.com.br\/index.php\/2023\/08\/14\/para-da-obra-de-construcao-da-ponte-sobre-o-rio-alto-acara-ja-foi-concluida\/"},"modified":"2023-08-14T12:30:00","modified_gmt":"2023-08-14T12:30:00","slug":"para-da-obra-de-construcao-da-ponte-sobre-o-rio-alto-acara-ja-foi-concluida","status":"publish","type":"post","link":"https:\/\/noticiasdestaque.com.br\/index.php\/2023\/08\/14\/para-da-obra-de-construcao-da-ponte-sobre-o-rio-alto-acara-ja-foi-concluida\/","title":{"rendered":"Par\u00e1: 70% da obra de constru\u00e7\u00e3o da ponte sobre o rio Alto Acar\u00e1 j\u00e1 foi conclu\u00edda"},"content":{"rendered":"<p>Com o avan\u00e7o da obra e a conclus\u00e3o de 9 das 16 pontes da PA-256, a constru\u00e7\u00e3o da ponte sobre o rio Alto Acar\u00e1, no Par\u00e1, j\u00e1 alcan\u00e7ou 70% de sua conclus\u00e3o e tem previs\u00e3o para ser finalizada ainda em 2023. <\/p>\n<p>A ponte sobre o rio Alto Acar\u00e1, na rodovia PA-256, est\u00e1 localizada entre as comunidades de Forquilha, no munic\u00edpio do Acar\u00e1, e Vila Palmares, em Tail\u00e2ndia, na regi\u00e3o de integra\u00e7\u00e3o do Tocantins. <\/p>\n<p>O secret\u00e1rio de Estado de Transportes (Setran), Adler Silveira, afirma que essa \u00e9 uma obra muito importante para a regi\u00e3o e que cinco munic\u00edpios ser\u00e3o beneficiados. <\/p>\n<p>\u201cEssa obra \u00e9 uma obra muito importante para o estado. \u00c9 uma obra de uma rodovia da PA-256 de mais de 150 km de extens\u00e3o, saindo do munic\u00edpio de Paragominas (que \u00e9 a regi\u00e3o do Capim), chegando at\u00e9 a Tail\u00e2ndia na PA-150 na regi\u00e3o de Alto Acar\u00e1. N\u00f3s vamos al\u00e9m de beneficiar o munic\u00edpio de Paragominas, n\u00f3s vamos passar pelo munic\u00edpio de Ipixuna do Par\u00e1, pelo munic\u00edpio do Acar\u00e1, pelo munic\u00edpio de Tom\u00e9-A\u00e7u, chegando ao munic\u00edpio de Tail\u00e2ndia. Ent\u00e3o n\u00f3s estamos falando de cinco munic\u00edpios que v\u00e3o ser beneficiados encurtando as dist\u00e2ncias\u201d, afirmou.<\/p>\n<p>A nova ponte possui 280 metros de extens\u00e3o. Est\u00e1 inclu\u00edda no projeto estrutural a constru\u00e7\u00e3o de mais 17 pontes de porte menor na PA-256 e ainda a pavimenta\u00e7\u00e3o de 150 quil\u00f4metros da via, interligando a regi\u00e3o do Capim (Paragominas) ao Acar\u00e1 (Tail\u00e2ndia), integrando a rodovia \u00e0 Al\u00e7a Vi\u00e1ria, que d\u00e1 acesso ao porto de Vila do Conde em Barcarena.  <\/p>\n<p>Silveira ainda explica que a obra \u00e9 estrat\u00e9gica, j\u00e1 que \u00e9 uma regi\u00e3o muito rica e que possui rotas de produ\u00e7\u00e3o. <\/p>\n<p>\u201cEssa \u00e9 uma obra estrat\u00e9gica para que a gente possa encurtar a dist\u00e2ncia do escoamento de  produ\u00e7\u00e3o dessa regi\u00e3o. Essa regi\u00e3o \u00e9 muito rica na pecu\u00e1ria e na minera\u00e7\u00e3o em Paragominas e Ipixuna. Uma regi\u00e3o muito rica na produ\u00e7\u00e3o de \u00f3leo de palma na regi\u00e3o de Tail\u00e2ndia, Acar\u00e1 e uma regi\u00e3o muito rica de fruticultura na regi\u00e3o de Tom\u00e9-A\u00e7u. Ent\u00e3o s\u00e3o rotas de produ\u00e7\u00e3o  que ocorrem ao longo dessa PA, desse trecho que vai beneficiar o escoamento da produ\u00e7\u00e3o reduzindo o tempo de deslocamento desse eixo produtivo at\u00e9 o porto de Vila do Conde, bem como desafogando o tr\u00e1fego na BR\u201d, explicou. <\/p>\n<p>At\u00e9 o momento, toda a infraestrutura e a mesoestrutura j\u00e1 foram conclu\u00eddas. E outra frente das obras avan\u00e7a na execu\u00e7\u00e3o dos servi\u00e7os de prote\u00e7\u00e3o dos pilares com a constru\u00e7\u00e3o do v\u00e3o de navega\u00e7\u00e3o adequado para evitar choques de embarca\u00e7\u00f5es \u2014  e no encabe\u00e7amento da ponte. Tamb\u00e9m j\u00e1 foi iniciada a instala\u00e7\u00e3o das vigas pr\u00e9-moldadas do tabuleiro. \n <\/p>\n<p> Fonte: Brasil61<\/p>\n<input type=\"hidden\" id=\"baseurl\" value=\"https:\/\/noticiasdestaque.com.br\"><input type=\"hidden\" id=\"audio_nonce\" value=\"6f73a554f1\">","protected":false},"excerpt":{"rendered":"<p>Constru\u00e7\u00e3o da ponte beneficiar\u00e1 cinco munic\u00edpios: Paragominas, Ipixuna, Acar\u00e1, Tail\u00e2ndia e Tom\u00e9-A\u00e7u<\/p>\n","protected":false},"author":1,"featured_media":9355,"comment_status":"open","ping_status":"open","sticky":false,"template":"","format":"standard","meta":{"fifu_image_url":"","fifu_image_alt":"","footnotes":""},"categories":[1],"tags":[106],"class_list":["post-9353","post","type-post","status-publish","format-standard","has-post-thumbnail","hentry","category-uncategorized","tag-brunna-pareja"],"distributor_meta":false,"distributor_terms":false,"distributor_media":false,"distributor_original_site_name":"Noticias em Destaque","distributor_original_site_url":"https:\/\/noticiasdestaque.com.br","push-errors":false,"_links":{"self":[{"href":"https:\/\/noticiasdestaque.com.br\/index.php\/wp-json\/wp\/v2\/posts\/9353","targetHints":{"allow":["GET"]}}],"collection":[{"href":"https:\/\/noticiasdestaque.com.br\/index.php\/wp-json\/wp\/v2\/posts"}],"about":[{"href":"https:\/\/noticiasdestaque.com.br\/index.php\/wp-json\/wp\/v2\/types\/post"}],"author":[{"embeddable":true,"href":"https:\/\/noticiasdestaque.com.br\/index.php\/wp-json\/wp\/v2\/users\/1"}],"replies":[{"embeddable":true,"href":"https:\/\/noticiasdestaque.com.br\/index.php\/wp-json\/wp\/v2\/comments?post=9353"}],"version-history":[{"count":1,"href":"https:\/\/noticiasdestaque.com.br\/index.php\/wp-json\/wp\/v2\/posts\/9353\/revisions"}],"predecessor-version":[{"id":9354,"href":"https:\/\/noticiasdestaque.com.br\/index.php\/wp-json\/wp\/v2\/posts\/9353\/revisions\/9354"}],"wp:featuredmedia":[{"embeddable":true,"href":"https:\/\/noticiasdestaque.com.br\/index.php\/wp-json\/wp\/v2\/media\/9355"}],"wp:attachment":[{"href":"https:\/\/noticiasdestaque.com.br\/index.php\/wp-json\/wp\/v2\/media?parent=9353"}],"wp:term":[{"taxonomy":"category","embeddable":true,"href":"https:\/\/noticiasdestaque.com.br\/index.php\/wp-json\/wp\/v2\/categories?post=9353"},{"taxonomy":"post_tag","embeddable":true,"href":"https:\/\/noticiasdestaque.com.br\/index.php\/wp-json\/wp\/v2\/tags?post=9353"}],"curies":[{"name":"wp","href":"https:\/\/api.w.org\/{rel}","templated":true}]}}