{"id":9347,"date":"2023-08-14T15:46:00","date_gmt":"2023-08-14T15:46:00","guid":{"rendered":"https:\/\/noticiasdestaque.com.br\/index.php\/2023\/08\/14\/pesquisa-estuda-adoecimento-de-maes-de-vitimas-da-violencia-do-estado\/"},"modified":"2023-08-14T15:46:00","modified_gmt":"2023-08-14T15:46:00","slug":"pesquisa-estuda-adoecimento-de-maes-de-vitimas-da-violencia-do-estado","status":"publish","type":"post","link":"https:\/\/noticiasdestaque.com.br\/index.php\/2023\/08\/14\/pesquisa-estuda-adoecimento-de-maes-de-vitimas-da-violencia-do-estado\/","title":{"rendered":"Pesquisa estuda adoecimento de m\u00e3es de v\u00edtimas da viol\u00eancia do Estado"},"content":{"rendered":"<style> bloco.meta {font-style: italic; color: #666;font-weight: 600;font-size: .8em; \/* line-height: .3em; *\/}  text h2 { font-weight: 700 !important;  color: #062f46 !important;} text img { width: none; left: none;}<\/style>\n<\/p>\n<p>A nega\u00e7\u00e3o ao acesso \u00e0 justi\u00e7a, a impunidade, a incerteza e a criminaliza\u00e7\u00e3o das v\u00edtimas s\u00e3o as maiores causas do adoecimento de m\u00e3es que tiveram filhos assassinados ou desaparecidos por a\u00e7\u00e3o do Estado. As consequ\u00eancias na sa\u00fade f\u00edsica e mental dessas mulheres s\u00e3o o objeto da pesquisa Vozes da dor, da luta e da resist\u00eancia das mulheres\/m\u00e3es de v\u00edtimas da viol\u00eancia de Estado no Brasil, que est\u00e1 sendo realizada pelo Centro de Antropologia e Arqueologia Forense da Universidade Federal de S\u00e3o Paulo (CAAF\/Unifesp). <aimg src=\"https:\/\/aagenciabrasil.ebc.com.br\/ebc.apng?id=1548528 o=node\" style=\"width:1px; height:1px; display:inline;\"><\/aimg><aimg src=\"https:\/\/aagenciabrasil.ebc.com.br\/ebc.agif?id=1548528 o=node\" style=\"width:1px; height:1px; display:inline;\"><\/aimg><\/p>\n<p>Na pesquisa, as m\u00e3es n\u00e3o s\u00e3o apenas objeto e participam ativamente da metodologia, do roteiro de perguntas e das entrevistas. O estudo tem a participa\u00e7\u00e3o de quatro m\u00e3es de refer\u00eancia, articuladas nos movimentos em busca de justi\u00e7a pela morte dos filhos, que s\u00e3o consideradas pesquisadoras sociais, nos estados de S\u00e3o Paulo, Rio de Janeiro, Bahia e Cear\u00e1.<\/p>\n<p>\u201c\u00c9 uma viol\u00eancia reiterada e institucional. Al\u00e9m da viol\u00eancia do fato, elas sofrem viol\u00eancia todos os dias pelas institui\u00e7\u00f5es. O Estado mata o filho, mas tamb\u00e9m vai matando as m\u00e3es e as fam\u00edlias aos pouquinhos. Essas m\u00e3es passam a vida tentando provar que os filhos n\u00e3o foram bandidos e, mesmo se fossem, n\u00e3o poderiam ter sido mortos, pois n\u00e3o h\u00e1 pena de morte no Brasil\u201d, diz a pesquisadora Aline L\u00facia de Rocco Gomes, uma das respons\u00e1veis pela pesquisa, que deve ser conclu\u00edda em outubro deste ano. <\/p>\n<p>O objetivo da pesquisa, que ainda passar\u00e1 pelas etapas de an\u00e1lise e conclus\u00e3o, \u00e9 dar subs\u00eddios para a constru\u00e7\u00e3o de uma pol\u00edtica p\u00fablica de atendimento integral.<\/p>\n<blockquote>\n<p>\u201cUm projeto s\u00f3 n\u00e3o resolve, n\u00f3s queremos uma pol\u00edtica p\u00fablica. Pensamos em um programa que d\u00ea um atendimento especializado para essas m\u00e3es, atendimento integral e multidisciplinar, com acompanhamento jur\u00eddico e psicol\u00f3gico e que encaminhe para programas de orienta\u00e7\u00e3o social &#8220;, explica Aline. <\/p>\n<\/blockquote>\n<p>Segundo a pesquisadora, atualmente, o atendimento oferecido nas defensorias p\u00fablicas e nos centros de refer\u00eancia e apoio \u00e0 v\u00edtima (Cravi), por exemplo, n\u00e3o atendem essa demanda na pr\u00e1tica. <\/p>\n<p>O relat\u00f3rio parcial da pesquisa foi apresentado na \u00faltima quinta-feira (10), durante semin\u00e1rio realizado pelo Minist\u00e9rio dos Direitos Humanos e da Cidadania, em parceria com o Movimento Independente M\u00e3es de Maio.<\/p>\n<p>No evento, o ministro Silvio Almeida disse que s\u00e3o inadmiss\u00edveis situa\u00e7\u00f5es como a de um <a href=\"https:\/\/agenciabrasil.ebc.com.br\/geral\/noticia\/2023-08\/moradores-cidades-de-deus-protestam-contra-morte-de-adolescente\" target=\"_blank\">menino de 13 anos que foi assassinado com um tiro nas costas<\/a>, em refer\u00eancia ao caso recente ocorrido no Rio de Janeiro. <\/p>\n<p>\u201cEm um Estado que legitima a viol\u00eancia sem fronteiras por parte de agentes de Estado, os trabalhadores que fazem parte da seguran\u00e7a p\u00fablica tamb\u00e9m s\u00e3o vitimados e, claro, tamb\u00e9m vai ter uma m\u00e3e que chora. As m\u00e3es dos policiais tamb\u00e9m choram seus filhos, porque n\u00f3s vivemos em um Estado de viol\u00eancia. Agora, \u00e9 importante dizer tamb\u00e9m que quem d\u00e1 tiro nas costas de uma crian\u00e7a, um adolescente, n\u00e3o \u00e9 policial, \u00e9 bandido\u201d, completou o ministro.<\/p>\n<h2>Acolhimento<\/h2>\n<p> nd-widget-wrapper context-cheio_8colunas type-image&#8221;<\/p>\n<input type=\"hidden\" id=\"baseurl\" value=\"https:\/\/noticiasdestaque.com.br\"><input type=\"hidden\" id=\"audio_nonce\" value=\"6f73a554f1\">","protected":false},"excerpt":{"rendered":"<p>Estudo pode levar \u00e0 constru\u00e7\u00e3o de pol\u00edticas p\u00fablicas de apoio integral<\/p>\n","protected":false},"author":1,"featured_media":9349,"comment_status":"open","ping_status":"open","sticky":false,"template":"","format":"standard","meta":{"fifu_image_url":"","fifu_image_alt":"","footnotes":""},"categories":[1],"tags":[106],"class_list":["post-9347","post","type-post","status-publish","format-standard","has-post-thumbnail","hentry","category-uncategorized","tag-brunna-pareja"],"distributor_meta":false,"distributor_terms":false,"distributor_media":false,"distributor_original_site_name":"Noticias em Destaque","distributor_original_site_url":"https:\/\/noticiasdestaque.com.br","push-errors":false,"_links":{"self":[{"href":"https:\/\/noticiasdestaque.com.br\/index.php\/wp-json\/wp\/v2\/posts\/9347","targetHints":{"allow":["GET"]}}],"collection":[{"href":"https:\/\/noticiasdestaque.com.br\/index.php\/wp-json\/wp\/v2\/posts"}],"about":[{"href":"https:\/\/noticiasdestaque.com.br\/index.php\/wp-json\/wp\/v2\/types\/post"}],"author":[{"embeddable":true,"href":"https:\/\/noticiasdestaque.com.br\/index.php\/wp-json\/wp\/v2\/users\/1"}],"replies":[{"embeddable":true,"href":"https:\/\/noticiasdestaque.com.br\/index.php\/wp-json\/wp\/v2\/comments?post=9347"}],"version-history":[{"count":1,"href":"https:\/\/noticiasdestaque.com.br\/index.php\/wp-json\/wp\/v2\/posts\/9347\/revisions"}],"predecessor-version":[{"id":9348,"href":"https:\/\/noticiasdestaque.com.br\/index.php\/wp-json\/wp\/v2\/posts\/9347\/revisions\/9348"}],"wp:featuredmedia":[{"embeddable":true,"href":"https:\/\/noticiasdestaque.com.br\/index.php\/wp-json\/wp\/v2\/media\/9349"}],"wp:attachment":[{"href":"https:\/\/noticiasdestaque.com.br\/index.php\/wp-json\/wp\/v2\/media?parent=9347"}],"wp:term":[{"taxonomy":"category","embeddable":true,"href":"https:\/\/noticiasdestaque.com.br\/index.php\/wp-json\/wp\/v2\/categories?post=9347"},{"taxonomy":"post_tag","embeddable":true,"href":"https:\/\/noticiasdestaque.com.br\/index.php\/wp-json\/wp\/v2\/tags?post=9347"}],"curies":[{"name":"wp","href":"https:\/\/api.w.org\/{rel}","templated":true}]}}