{"id":9344,"date":"2023-08-14T14:16:00","date_gmt":"2023-08-14T14:16:00","guid":{"rendered":"https:\/\/noticiasdestaque.com.br\/index.php\/2023\/08\/14\/pf-faz-acao-contra-suspeitos-de-aliciar-menores-para-estado-islamico\/"},"modified":"2023-08-14T14:16:00","modified_gmt":"2023-08-14T14:16:00","slug":"pf-faz-acao-contra-suspeitos-de-aliciar-menores-para-estado-islamico","status":"publish","type":"post","link":"https:\/\/noticiasdestaque.com.br\/index.php\/2023\/08\/14\/pf-faz-acao-contra-suspeitos-de-aliciar-menores-para-estado-islamico\/","title":{"rendered":"PF faz a\u00e7\u00e3o contra suspeitos de aliciar menores para Estado Isl\u00e2mico"},"content":{"rendered":"<style> bloco.meta {font-style: italic; color: #666;font-weight: 600;font-size: .8em; \/* line-height: .3em; *\/}  text h2 { font-weight: 700 !important;  color: #062f46 !important;} text img { width: none; left: none;}<\/style>\n<\/p>\n<p>Policiais federais cumpriram, na manh\u00e3 desta quinta-feira (10), tr\u00eas mandados judiciais de busca e apreens\u00e3o contra suspeitos de recrutar jovens adolescentes para a organiza\u00e7\u00e3o terrorista Estado Isl\u00e2mico.<aimg src=\"https:\/\/aagenciabrasil.ebc.com.br\/ebc.apng?id=1548246 o=node\" style=\"width:1px; height:1px; display:inline;\"><\/aimg><aimg src=\"https:\/\/aagenciabrasil.ebc.com.br\/ebc.agif?id=1548246 o=node\" style=\"width:1px; height:1px; display:inline;\"><\/aimg><\/p>\n<p>Expedidos pela 2\u00aa Vara Federal da Subse\u00e7\u00e3o Judici\u00e1ria de Belo Horizonte (MG), os mandados foram cumpridos nos estados de S\u00e3o Paulo (2) e Rio de Janeiro (1). A identidade dos alvos da a\u00e7\u00e3o policial n\u00e3o foi divulgada.<\/p>\n<p>Segundo a Pol\u00edcia Federal (PF), a suspeita de corrup\u00e7\u00e3o de menores e promo\u00e7\u00e3o de organiza\u00e7\u00e3o terrorista come\u00e7ou a ser investigada em junho deste ano, ap\u00f3s um homem, brasileiro, ser detido no Aeroporto Internacional de Guarulhos, em S\u00e3o Paulo.<\/p>\n<p>O homem, cujo nome n\u00e3o foi revelado, estava prestes a viajar para o exterior a fim de se juntar ao Estado Isl\u00e2mico. Segundo os investigadores, ele costumava usar aplicativos de mensagens para conversar com adolescentes, tentando convenc\u00ea-los a promover e integrar a organiza\u00e7\u00e3o terrorista.<\/p>\n<p>Na ocasi\u00e3o, al\u00e9m de deter o suspeito quando ele tentava embarcar em um voo internacional, no Aeroporto Internacional de Guarulhos, em S\u00e3o Paulo, a PF cumpriu a mandados de busca e apreens\u00e3o nas cidades de S\u00e3o Jos\u00e9 dos Campos (SP) e Barbacena (MG).<\/p>\n<p>Em vigor desde 2016, a chamada <a href=\"https:\/\/www.planalto.gov.br\/ccivil_03\/_ato2015-2018\/2016\/lei\/l13260.htm\" target=\"_blank\">Lei Antiterrorismo<\/a> estabelece pena de reclus\u00e3o de cinco a oito anos e multa para quem integrar e promover organiza\u00e7\u00e3o terrorista \u2013 crime classificado como hediondo. Al\u00e9m disso, o Estatuto da Crian\u00e7a e do Adolescente (ECA) prev\u00ea uma pena de um a quatro anos de reclus\u00e3o para quem incorra no crime de corrup\u00e7\u00e3o de menores. Pena que pode ser aumentada em um ter\u00e7o por envolver infra\u00e7\u00f5es previstas na Lei Antiterrorismo.<\/p>\n<p class=\"alt-font font-italic my-2 small text-info\">\n                                                Edi\u00e7\u00e3o:   Val\u00e9ria Aguiar                    <\/p>\n<p>            <!-- blog End --><\/p>\n<p>            <!-- tag and share --><\/p>\n<p> Fonte: EBC <\/p>\n<input type=\"hidden\" id=\"baseurl\" value=\"https:\/\/noticiasdestaque.com.br\"><input type=\"hidden\" id=\"audio_nonce\" value=\"6f73a554f1\">","protected":false},"excerpt":{"rendered":"<p>Mandados foram cumpridos nos estados de S\u00e3o Paulo e do Rio de Janeiro<\/p>\n","protected":false},"author":1,"featured_media":9346,"comment_status":"open","ping_status":"open","sticky":false,"template":"","format":"standard","meta":{"fifu_image_url":"","fifu_image_alt":"","footnotes":""},"categories":[1],"tags":[106],"class_list":["post-9344","post","type-post","status-publish","format-standard","has-post-thumbnail","hentry","category-uncategorized","tag-brunna-pareja"],"distributor_meta":false,"distributor_terms":false,"distributor_media":false,"distributor_original_site_name":"Noticias em Destaque","distributor_original_site_url":"https:\/\/noticiasdestaque.com.br","push-errors":false,"_links":{"self":[{"href":"https:\/\/noticiasdestaque.com.br\/index.php\/wp-json\/wp\/v2\/posts\/9344","targetHints":{"allow":["GET"]}}],"collection":[{"href":"https:\/\/noticiasdestaque.com.br\/index.php\/wp-json\/wp\/v2\/posts"}],"about":[{"href":"https:\/\/noticiasdestaque.com.br\/index.php\/wp-json\/wp\/v2\/types\/post"}],"author":[{"embeddable":true,"href":"https:\/\/noticiasdestaque.com.br\/index.php\/wp-json\/wp\/v2\/users\/1"}],"replies":[{"embeddable":true,"href":"https:\/\/noticiasdestaque.com.br\/index.php\/wp-json\/wp\/v2\/comments?post=9344"}],"version-history":[{"count":1,"href":"https:\/\/noticiasdestaque.com.br\/index.php\/wp-json\/wp\/v2\/posts\/9344\/revisions"}],"predecessor-version":[{"id":9345,"href":"https:\/\/noticiasdestaque.com.br\/index.php\/wp-json\/wp\/v2\/posts\/9344\/revisions\/9345"}],"wp:featuredmedia":[{"embeddable":true,"href":"https:\/\/noticiasdestaque.com.br\/index.php\/wp-json\/wp\/v2\/media\/9346"}],"wp:attachment":[{"href":"https:\/\/noticiasdestaque.com.br\/index.php\/wp-json\/wp\/v2\/media?parent=9344"}],"wp:term":[{"taxonomy":"category","embeddable":true,"href":"https:\/\/noticiasdestaque.com.br\/index.php\/wp-json\/wp\/v2\/categories?post=9344"},{"taxonomy":"post_tag","embeddable":true,"href":"https:\/\/noticiasdestaque.com.br\/index.php\/wp-json\/wp\/v2\/tags?post=9344"}],"curies":[{"name":"wp","href":"https:\/\/api.w.org\/{rel}","templated":true}]}}