{"id":9341,"date":"2023-08-14T12:16:00","date_gmt":"2023-08-14T12:16:00","guid":{"rendered":"https:\/\/noticiasdestaque.com.br\/index.php\/2023\/08\/14\/enterro-de-eloah-sera-nesta-segunda-na-ilha-do-governador\/"},"modified":"2023-08-14T12:16:00","modified_gmt":"2023-08-14T12:16:00","slug":"enterro-de-eloah-sera-nesta-segunda-na-ilha-do-governador","status":"publish","type":"post","link":"https:\/\/noticiasdestaque.com.br\/index.php\/2023\/08\/14\/enterro-de-eloah-sera-nesta-segunda-na-ilha-do-governador\/","title":{"rendered":"Enterro de Eloah ser\u00e1 nesta segunda na Ilha do Governador"},"content":{"rendered":"<style> bloco.meta {font-style: italic; color: #666;font-weight: 600;font-size: .8em; \/* line-height: .3em; *\/}  text h2 { font-weight: 700 !important;  color: #062f46 !important;} text img { width: none; left: none;}<\/style>\n<\/p>\n<p>O corpo da menina Eloah Passos, de 5 anos, vai ser enterrado amanh\u00e3 (14), \u00e0s 11h, no Cemit\u00e9rio da Cacuia, na Ilha do Governador, zona norte do Rio. A fam\u00edlia da menina foi ao Instituto M\u00e9dico-Legal (IML) , na regi\u00e3o central do Rio, para fazer a libera\u00e7\u00e3o do corpo, o que s\u00f3 ocorreu no in\u00edcio da tarde deste domingo (13). Por causa do hor\u00e1rio da libera\u00e7\u00e3o, com os cart\u00f3rios fechados, o sepultamento foi marcado para amaanh\u00e3.<aimg src=\"https:\/\/aagenciabrasil.ebc.com.br\/ebc.apng?id=1548680 o=node\" style=\"width:1px; height:1px; display:inline;\"><\/aimg><aimg src=\"https:\/\/aagenciabrasil.ebc.com.br\/ebc.agif?id=1548680 o=node\" style=\"width:1px; height:1px; display:inline;\"><\/aimg><\/p>\n<p>Os parentes que foram ao IML estavam muito abalados com a morte da menina na manh\u00e3 de s\u00e1bado (12), atingida por um tiro dentro de casa enquanto brincava no quarto, na comunidade conhecida como Cova da On\u00e7a, no Morro do Dend\u00ea. A m\u00e3e Claudia da Silva Souza disse que a filha era s\u00f3 alegria.<\/p>\n<p>Eloah foi atingida durante conflito causado pela chegada de policiais militares para dispersar uma manifesta\u00e7\u00e3o de moradores contra a morte de Wendel Eduardo, de 17 anos, em uma a\u00e7\u00e3o da PM no Dend\u00ea, que tinha ocorrido mais cedo. <\/p>\n<p class=\"alt-font font-italic my-2 small text-info\">\n                                                Edi\u00e7\u00e3o:   Gra\u00e7a Adjuto                    <\/p>\n<p>            <!-- blog End --><\/p>\n<p>            <!-- tag and share --><\/p>\n<p> Fonte: EBC <\/p>\n<input type=\"hidden\" id=\"baseurl\" value=\"https:\/\/noticiasdestaque.com.br\"><input type=\"hidden\" id=\"audio_nonce\" value=\"6f73a554f1\">","protected":false},"excerpt":{"rendered":"<p>Ela foi atingida por um tiro, dentro de casa, no Morro do Dend\u00ea<\/p>\n","protected":false},"author":1,"featured_media":9343,"comment_status":"open","ping_status":"open","sticky":false,"template":"","format":"standard","meta":{"fifu_image_url":"","fifu_image_alt":"","footnotes":""},"categories":[1],"tags":[106],"class_list":["post-9341","post","type-post","status-publish","format-standard","has-post-thumbnail","hentry","category-uncategorized","tag-brunna-pareja"],"distributor_meta":false,"distributor_terms":false,"distributor_media":false,"distributor_original_site_name":"Noticias em Destaque","distributor_original_site_url":"https:\/\/noticiasdestaque.com.br","push-errors":false,"_links":{"self":[{"href":"https:\/\/noticiasdestaque.com.br\/index.php\/wp-json\/wp\/v2\/posts\/9341","targetHints":{"allow":["GET"]}}],"collection":[{"href":"https:\/\/noticiasdestaque.com.br\/index.php\/wp-json\/wp\/v2\/posts"}],"about":[{"href":"https:\/\/noticiasdestaque.com.br\/index.php\/wp-json\/wp\/v2\/types\/post"}],"author":[{"embeddable":true,"href":"https:\/\/noticiasdestaque.com.br\/index.php\/wp-json\/wp\/v2\/users\/1"}],"replies":[{"embeddable":true,"href":"https:\/\/noticiasdestaque.com.br\/index.php\/wp-json\/wp\/v2\/comments?post=9341"}],"version-history":[{"count":1,"href":"https:\/\/noticiasdestaque.com.br\/index.php\/wp-json\/wp\/v2\/posts\/9341\/revisions"}],"predecessor-version":[{"id":9342,"href":"https:\/\/noticiasdestaque.com.br\/index.php\/wp-json\/wp\/v2\/posts\/9341\/revisions\/9342"}],"wp:featuredmedia":[{"embeddable":true,"href":"https:\/\/noticiasdestaque.com.br\/index.php\/wp-json\/wp\/v2\/media\/9343"}],"wp:attachment":[{"href":"https:\/\/noticiasdestaque.com.br\/index.php\/wp-json\/wp\/v2\/media?parent=9341"}],"wp:term":[{"taxonomy":"category","embeddable":true,"href":"https:\/\/noticiasdestaque.com.br\/index.php\/wp-json\/wp\/v2\/categories?post=9341"},{"taxonomy":"post_tag","embeddable":true,"href":"https:\/\/noticiasdestaque.com.br\/index.php\/wp-json\/wp\/v2\/tags?post=9341"}],"curies":[{"name":"wp","href":"https:\/\/api.w.org\/{rel}","templated":true}]}}