{"id":8785,"date":"2023-07-11T15:55:00","date_gmt":"2023-07-11T15:55:00","guid":{"rendered":"https:\/\/noticiasdestaque.com.br\/index.php\/2023\/07\/11\/entenda-os-quatro-componentes-da-comunicacao-nao-violenta\/"},"modified":"2023-07-11T15:55:00","modified_gmt":"2023-07-11T15:55:00","slug":"entenda-os-quatro-componentes-da-comunicacao-nao-violenta","status":"publish","type":"post","link":"https:\/\/noticiasdestaque.com.br\/index.php\/2023\/07\/11\/entenda-os-quatro-componentes-da-comunicacao-nao-violenta\/","title":{"rendered":"Entenda os quatro componentes da comunica\u00e7\u00e3o n\u00e3o violenta"},"content":{"rendered":"<p>As suas emo\u00e7\u00f5es afetam os seus comportamentos? O outro pode ser um gatilho para os nossos sentimentos, mas a nossa rea\u00e7\u00e3o tem liga\u00e7\u00e3o com a nossa hist\u00f3ria e nossos valores. Neste epis\u00f3dio do Comunica\u00e7\u00e3o Positiva, a especialista em orat\u00f3ria Erica Ferraz traz informa\u00e7\u00f5es sobre os componentes da comunica\u00e7\u00e3o n\u00e3o violenta. Escute agora e passe a ter um dia a dia com melhores rela\u00e7\u00f5es. Este podcast \u00e9 um Original Brasil 61.<\/p>\n<p><iframe allow=\"autoplay; clipboard-write; encrypted-media; fullscreen; picture-in-picture\" allowfullscreen=\"\" frameborder=\"0\" height=\"152\" loading=\"lazy\" src=\"https:\/\/open.spotify.com\/embed\/episode\/3XVehF3xTvFtUD6u4DGbeu?utm_source=generator\n<\/p>\n<input type=\"hidden\" id=\"baseurl\" value=\"https:\/\/noticiasdestaque.com.br\"><input type=\"hidden\" id=\"audio_nonce\" value=\"c9f06e19e6\">","protected":false},"excerpt":{"rendered":"<p>A especialista em orat\u00f3ria Erica Ferraz traz informa\u00e7\u00f5es sobre a base da Comunica\u00e7\u00e3o Positiva<\/p>\n","protected":false},"author":1,"featured_media":8787,"comment_status":"open","ping_status":"open","sticky":false,"template":"","format":"standard","meta":{"fifu_image_url":"","fifu_image_alt":"","footnotes":""},"categories":[1],"tags":[170],"class_list":["post-8785","post","type-post","status-publish","format-standard","has-post-thumbnail","hentry","category-uncategorized","tag-dependencia-alcoolica"],"distributor_meta":false,"distributor_terms":false,"distributor_media":false,"distributor_original_site_name":"Noticias em Destaque","distributor_original_site_url":"https:\/\/noticiasdestaque.com.br","push-errors":false,"_links":{"self":[{"href":"https:\/\/noticiasdestaque.com.br\/index.php\/wp-json\/wp\/v2\/posts\/8785","targetHints":{"allow":["GET"]}}],"collection":[{"href":"https:\/\/noticiasdestaque.com.br\/index.php\/wp-json\/wp\/v2\/posts"}],"about":[{"href":"https:\/\/noticiasdestaque.com.br\/index.php\/wp-json\/wp\/v2\/types\/post"}],"author":[{"embeddable":true,"href":"https:\/\/noticiasdestaque.com.br\/index.php\/wp-json\/wp\/v2\/users\/1"}],"replies":[{"embeddable":true,"href":"https:\/\/noticiasdestaque.com.br\/index.php\/wp-json\/wp\/v2\/comments?post=8785"}],"version-history":[{"count":1,"href":"https:\/\/noticiasdestaque.com.br\/index.php\/wp-json\/wp\/v2\/posts\/8785\/revisions"}],"predecessor-version":[{"id":8786,"href":"https:\/\/noticiasdestaque.com.br\/index.php\/wp-json\/wp\/v2\/posts\/8785\/revisions\/8786"}],"wp:featuredmedia":[{"embeddable":true,"href":"https:\/\/noticiasdestaque.com.br\/index.php\/wp-json\/wp\/v2\/media\/8787"}],"wp:attachment":[{"href":"https:\/\/noticiasdestaque.com.br\/index.php\/wp-json\/wp\/v2\/media?parent=8785"}],"wp:term":[{"taxonomy":"category","embeddable":true,"href":"https:\/\/noticiasdestaque.com.br\/index.php\/wp-json\/wp\/v2\/categories?post=8785"},{"taxonomy":"post_tag","embeddable":true,"href":"https:\/\/noticiasdestaque.com.br\/index.php\/wp-json\/wp\/v2\/tags?post=8785"}],"curies":[{"name":"wp","href":"https:\/\/api.w.org\/{rel}","templated":true}]}}