{"id":8737,"date":"2023-07-10T13:20:00","date_gmt":"2023-07-10T13:20:00","guid":{"rendered":"https:\/\/noticiasdestaque.com.br\/index.php\/2023\/07\/10\/festival-latinidades-termina-em-brasilia-valorizando-mulheres-pretas\/"},"modified":"2023-07-10T13:20:00","modified_gmt":"2023-07-10T13:20:00","slug":"festival-latinidades-termina-em-brasilia-valorizando-mulheres-pretas","status":"publish","type":"post","link":"https:\/\/noticiasdestaque.com.br\/index.php\/2023\/07\/10\/festival-latinidades-termina-em-brasilia-valorizando-mulheres-pretas\/","title":{"rendered":"Festival Latinidades termina em Bras\u00edlia valorizando mulheres pretas"},"content":{"rendered":"<style> bloco.meta {font-style: italic; color: #666;font-weight: 600;font-size: .8em; \/* line-height: .3em; *\/}  text h2 { font-weight: 700 !important;  color: #062f46 !important;} text img { width: none; left: none;}<\/style>\n<\/p>\n<p>Sabedoria, narrativas sobre a afro-ancestralidade e o poder das mulheres negras e ind\u00edgenas, trocas de viv\u00eancias, al\u00e9m de canto, dan\u00e7a e percuss\u00e3o, no ch\u00e3o de terra batida. Essas foram as marcas do \u00faltimo dia do 16\u00b0 Festival Latinidades, etapa Bras\u00edlia, que ocorreu neste domingo (9), na casa de religi\u00e3o de matriz africana Il\u00ea As\u00e8 Oya Bagan, localizada na cidade do Parano\u00e1, a 25 quil\u00f4metros (km) do centro da capital federal. <aimg src=\"https:\/\/aagenciabrasil.ebc.com.br\/ebc.apng?id=1542890 o=node\" style=\"width:1px; height:1px; display:inline;\"><\/aimg><aimg src=\"https:\/\/aagenciabrasil.ebc.com.br\/ebc.agif?id=1542890 o=node\" style=\"width:1px; height:1px; display:inline;\"><\/aimg><\/p>\n<p>Em uma gira de conversa, tr\u00eas palestrantes debateram sobre o Bem Viver Ubuntu, nas rela\u00e7\u00f5es entre as pessoas, pautadas pelos valores da coletividade, do respeito, solidariedade e empatia.  <\/p>\n<h2>Natureza n\u00e3o \u00e9 mercadoria<\/h2>\n<p> nd-widget-wrapper context-cheio_8colunas type-image&#8221;<\/p>\n<input type=\"hidden\" id=\"baseurl\" value=\"https:\/\/noticiasdestaque.com.br\"><input type=\"hidden\" id=\"audio_nonce\" value=\"6f73a554f1\">","protected":false},"excerpt":{"rendered":"<p>Bem Viver Ubuntu foi tema da \u00faltima roda de conversa<\/p>\n","protected":false},"author":1,"featured_media":8739,"comment_status":"open","ping_status":"open","sticky":false,"template":"","format":"standard","meta":{"fifu_image_url":"","fifu_image_alt":"","footnotes":""},"categories":[1],"tags":[169],"class_list":["post-8737","post","type-post","status-publish","format-standard","has-post-thumbnail","hentry","category-uncategorized","tag-reabilitacao-para-alcoolatras"],"distributor_meta":false,"distributor_terms":false,"distributor_media":false,"distributor_original_site_name":"Noticias em Destaque","distributor_original_site_url":"https:\/\/noticiasdestaque.com.br","push-errors":false,"_links":{"self":[{"href":"https:\/\/noticiasdestaque.com.br\/index.php\/wp-json\/wp\/v2\/posts\/8737","targetHints":{"allow":["GET"]}}],"collection":[{"href":"https:\/\/noticiasdestaque.com.br\/index.php\/wp-json\/wp\/v2\/posts"}],"about":[{"href":"https:\/\/noticiasdestaque.com.br\/index.php\/wp-json\/wp\/v2\/types\/post"}],"author":[{"embeddable":true,"href":"https:\/\/noticiasdestaque.com.br\/index.php\/wp-json\/wp\/v2\/users\/1"}],"replies":[{"embeddable":true,"href":"https:\/\/noticiasdestaque.com.br\/index.php\/wp-json\/wp\/v2\/comments?post=8737"}],"version-history":[{"count":1,"href":"https:\/\/noticiasdestaque.com.br\/index.php\/wp-json\/wp\/v2\/posts\/8737\/revisions"}],"predecessor-version":[{"id":8738,"href":"https:\/\/noticiasdestaque.com.br\/index.php\/wp-json\/wp\/v2\/posts\/8737\/revisions\/8738"}],"wp:featuredmedia":[{"embeddable":true,"href":"https:\/\/noticiasdestaque.com.br\/index.php\/wp-json\/wp\/v2\/media\/8739"}],"wp:attachment":[{"href":"https:\/\/noticiasdestaque.com.br\/index.php\/wp-json\/wp\/v2\/media?parent=8737"}],"wp:term":[{"taxonomy":"category","embeddable":true,"href":"https:\/\/noticiasdestaque.com.br\/index.php\/wp-json\/wp\/v2\/categories?post=8737"},{"taxonomy":"post_tag","embeddable":true,"href":"https:\/\/noticiasdestaque.com.br\/index.php\/wp-json\/wp\/v2\/tags?post=8737"}],"curies":[{"name":"wp","href":"https:\/\/api.w.org\/{rel}","templated":true}]}}