{"id":8731,"date":"2023-07-10T11:50:00","date_gmt":"2023-07-10T11:50:00","guid":{"rendered":"https:\/\/noticiasdestaque.com.br\/index.php\/2023\/07\/10\/movimento-negro-unificado-completa-anos-de-luta-contra-o-racismo\/"},"modified":"2023-07-10T11:50:00","modified_gmt":"2023-07-10T11:50:00","slug":"movimento-negro-unificado-completa-anos-de-luta-contra-o-racismo","status":"publish","type":"post","link":"https:\/\/noticiasdestaque.com.br\/index.php\/2023\/07\/10\/movimento-negro-unificado-completa-anos-de-luta-contra-o-racismo\/","title":{"rendered":"Movimento Negro Unificado completa 45 anos de luta contra o racismo"},"content":{"rendered":"<style> bloco.meta {font-style: italic; color: #666;font-weight: 600;font-size: .8em; \/* line-height: .3em; *\/}  text h2 { font-weight: 700 !important;  color: #062f46 !important;} text img { width: none; left: none;}<\/style>\n<\/p>\n<p>O Movimento Negro Unificado (MNU) completou esta semana 45 anos de hist\u00f3ria de lutas em defesa do povo negro em todos os aspectos pol\u00edticos, econ\u00f4micos, sociais e culturais. O pr\u00f3prio lan\u00e7amento p\u00fablico foi hist\u00f3rico: o ato de funda\u00e7\u00e3o do MNU, em 7 de julho de 1978, reuniu mais de duas mil pessoas em frente \u00e0s escadarias do Theatro Municipal de S\u00e3o Paulo, em plena Ditadura Civil-Militar (1964-1985), cena que entrou para a hist\u00f3ria do pa\u00eds.<aimg src=\"https:\/\/aagenciabrasil.ebc.com.br\/ebc.apng?id=1542859 o=node\" style=\"width:1px; height:1px; display:inline;\"><\/aimg><aimg src=\"https:\/\/aagenciabrasil.ebc.com.br\/ebc.agif?id=1542859 o=node\" style=\"width:1px; height:1px; display:inline;\"><\/aimg><\/p>\n<p>As atividades do movimento dialogam com o conceito Sankofa, originado de um prov\u00e9rbio tradicional entre os povos de l\u00edngua Akan da \u00c1frica Ocidental, que diz: <em>se wo were fi na wosan kofa a yenki<\/em>, que pode ser traduzido por \u201cn\u00e3o \u00e9 tabu voltar atr\u00e1s e buscar o que esqueceu\u201d, e representa o olhar para o passado para a constru\u00e7\u00e3o de um futuro.<\/p>\n<p>Ao longo da hist\u00f3ria, o MNU tem avan\u00e7ado com a pauta antirracista, a come\u00e7ar com a defini\u00e7\u00e3o do que \u00e9 ser negro, explica a integrante da coordena\u00e7\u00e3o nacional do movimento, Simone Nascimento.  <\/p>\n<p>\u201cO MNU contribuiu na compreens\u00e3o de v\u00e1rias quest\u00f5es, inclusive com o IBGE, com o pr\u00f3prio reconhecimento de negro na sociedade, tirando aquelas varia\u00e7\u00f5es de tom de peles que existiam e que faziam parte do mito da democracia racial. Nos levou \u00e0 compreens\u00e3o de que a popula\u00e7\u00e3o negra \u00e9 a maioria no Brasil e, portanto, precisa de repara\u00e7\u00e3o hist\u00f3rica, pol\u00edticas p\u00fablicas pensadas na supera\u00e7\u00e3o do racismo\u201d. <\/p>\n<p>O feminismo negro \u00e9 outra frente, completa Simone. \u201cO movimento contribuiu com a compreens\u00e3o da tripla explora\u00e7\u00e3o contra a mulher negra e portanto, contra todas as mulheres, com prote\u00e7\u00e3o da explora\u00e7\u00e3o sexual, o machismo e a desigualdade salarial. Ent\u00e3o, o MNU pauta essa quest\u00e3o do feminismo, o movimento de mulheres negras brasileira \u00e9 reconhecido internacionalmente\u201d. <\/p>\n<p>Mais uma contribui\u00e7\u00e3o \u00e9 na \u00e1rea da educa\u00e7\u00e3o, por meio da <a href=\"https:\/\/www.planalto.gov.br\/ccivil_03\/_ato2007-2010\/2008\/lei\/l11645.htm\">Lei n\u00ba 11.645\/2008<\/a>, que estabelece as diretrizes e bases da educa\u00e7\u00e3o nacional, para incluir no curr\u00edculo oficial da rede de ensino a obrigatoriedade da tem\u00e1tica \u201cHist\u00f3ria e Cultura Afro-Brasileira e Ind\u00edgena\u201d nas escolas de ensino fundamental e m\u00e9dio. <\/p>\n<p>\u201cO MNU debateu em muitos f\u00f3runs de educa\u00e7\u00e3o o que significava o direito \u00e0 mem\u00f3ria, ent\u00e3o a pr\u00f3pria lei, de ensino de hist\u00f3ria africana e ind\u00edgena, que ainda n\u00e3o foi implementada plenamente, \u00e9 uma vit\u00f3ria constru\u00edda a partir desses debates\u201d, destaca Simone. <\/p>\n<p>Outra frente, defendida desde a funda\u00e7\u00e3o, \u00e9 o combate \u00e0 pris\u00e3o de negros a partir do racismo. \u201cA quest\u00e3o de que toda pris\u00e3o \u00e9 uma pris\u00e3o pol\u00edtica, no sentido da necessidade do desencarceramento da popula\u00e7\u00e3o negra no Brasil e do combate \u00e0 genocidade negral que o MNU combateu desde o in\u00edcio, quando denunciou o racismo vivido por jovens do Clube Regatas Tiet\u00ea e tamb\u00e9m pelo Robson Silveira da Luz, um trabalhador que cuja morte, por policiais racistas, originou o nascimento do MNU\u201d.<\/p>\n<p>Um dos fundadores do movimento, Jos\u00e9 Ad\u00e3o Oliveira, elenca as bandeiras que o MNU defende. \u201cO MNU contribuiu expondo suas faixas e lutando em todos os espa\u00e7os pela democracia e igualdade racial, pela diversidade sexual, contra a viol\u00eancia policial e discrimina\u00e7\u00e3o racial, pelo item cor no censo do IBGE em 1980, pelo Dia Nacional da Consci\u00eancia Negra, celebrado em 20 de novembro, pela hist\u00f3ria e cultura negra na educa\u00e7\u00e3o e pelo Parque Hist\u00f3rico Cultural-Quilombo dos Palmares\/Serra da Barriga\u201d. <\/p>\n<h2>Desafios e legado<\/h2>\n<p>Os desafios ainda s\u00e3o muitos, explica Simone. \u201cOs principais desafios atuais \u00e9 de fato que a popula\u00e7\u00e3o negra tenha a repara\u00e7\u00e3o hist\u00f3rica, n\u00e3o conseguimos superar o racismo no Brasil ainda, 135 anos depois da falsa aboli\u00e7\u00e3o. Muitas pol\u00edticas p\u00fablicas necess\u00e1rias n\u00e3o est\u00e3o implementadas, ent\u00e3o a gente precisa de fato fazer com que a principal quest\u00e3o hoje da popula\u00e7\u00e3o negra seja resolvida, que \u00e9 acabar com esses \u00edndices de genoc\u00eddio, de mortalidade policial, isso trata-se de um outro modelo de seguran\u00e7a p\u00fablica&#8221;.<\/p>\n<p>Ela destaca tamb\u00e9m outros direitos fundamentais que s\u00e3o desrespeitados. &#8220;N\u00f3s temos tamb\u00e9m a quest\u00e3o do acesso \u00e0 educa\u00e7\u00e3o plena, a trabalho, renda, moradia. Se a gente olhar os direitos democr\u00e1ticos da cidadania no Brasil, os negros s\u00f3 v\u00e3o poder ser democr\u00e1ticos cidad\u00e3os quando a gente eliminar o racismo, porque a popula\u00e7\u00e3o negra \u00e9 a maioria\u201d. <\/p>\n<p>Na opini\u00e3o da integrante do MNU, as novas gera\u00e7\u00f5es t\u00eam contribu\u00eddo para manter o debate em torno das pautas antirracistas. \u201cO maior legado do movimento negro no Brasil \u00e9 esse encontro de gera\u00e7\u00f5es, que no momento que se encontram lutam juntos para superar o racismo, construir o bem viver na sociedade brasileira e dessa forma contribuir com o debate internacional tamb\u00e9m como tem feito o MNU h\u00e1 45 anos\u201d. <\/p>\n<p class=\"alt-font font-italic my-2 small text-info\">\n                                                Edi\u00e7\u00e3o:   Akemi Nitahara                    <\/p>\n<p>            <!-- blog End --><\/p>\n<p>            <!-- tag and share --><\/p>\n<p> Fonte: EBC <\/p>\n<input type=\"hidden\" id=\"baseurl\" value=\"https:\/\/noticiasdestaque.com.br\"><input type=\"hidden\" id=\"audio_nonce\" value=\"6a24ca502e\">","protected":false},"excerpt":{"rendered":"<p>Luta envolve aspectos pol\u00edticos, econ\u00f4micos, sociais e culturais<\/p>\n","protected":false},"author":1,"featured_media":8733,"comment_status":"open","ping_status":"open","sticky":false,"template":"","format":"standard","meta":{"fifu_image_url":"","fifu_image_alt":"","footnotes":""},"categories":[1],"tags":[106],"class_list":["post-8731","post","type-post","status-publish","format-standard","has-post-thumbnail","hentry","category-uncategorized","tag-brunna-pareja"],"distributor_meta":false,"distributor_terms":false,"distributor_media":false,"distributor_original_site_name":"Noticias em Destaque","distributor_original_site_url":"https:\/\/noticiasdestaque.com.br","push-errors":false,"_links":{"self":[{"href":"https:\/\/noticiasdestaque.com.br\/index.php\/wp-json\/wp\/v2\/posts\/8731","targetHints":{"allow":["GET"]}}],"collection":[{"href":"https:\/\/noticiasdestaque.com.br\/index.php\/wp-json\/wp\/v2\/posts"}],"about":[{"href":"https:\/\/noticiasdestaque.com.br\/index.php\/wp-json\/wp\/v2\/types\/post"}],"author":[{"embeddable":true,"href":"https:\/\/noticiasdestaque.com.br\/index.php\/wp-json\/wp\/v2\/users\/1"}],"replies":[{"embeddable":true,"href":"https:\/\/noticiasdestaque.com.br\/index.php\/wp-json\/wp\/v2\/comments?post=8731"}],"version-history":[{"count":1,"href":"https:\/\/noticiasdestaque.com.br\/index.php\/wp-json\/wp\/v2\/posts\/8731\/revisions"}],"predecessor-version":[{"id":8732,"href":"https:\/\/noticiasdestaque.com.br\/index.php\/wp-json\/wp\/v2\/posts\/8731\/revisions\/8732"}],"wp:featuredmedia":[{"embeddable":true,"href":"https:\/\/noticiasdestaque.com.br\/index.php\/wp-json\/wp\/v2\/media\/8733"}],"wp:attachment":[{"href":"https:\/\/noticiasdestaque.com.br\/index.php\/wp-json\/wp\/v2\/media?parent=8731"}],"wp:term":[{"taxonomy":"category","embeddable":true,"href":"https:\/\/noticiasdestaque.com.br\/index.php\/wp-json\/wp\/v2\/categories?post=8731"},{"taxonomy":"post_tag","embeddable":true,"href":"https:\/\/noticiasdestaque.com.br\/index.php\/wp-json\/wp\/v2\/tags?post=8731"}],"curies":[{"name":"wp","href":"https:\/\/api.w.org\/{rel}","templated":true}]}}