{"id":8725,"date":"2023-07-10T13:18:00","date_gmt":"2023-07-10T13:18:00","guid":{"rendered":"https:\/\/noticiasdestaque.com.br\/index.php\/2023\/07\/10\/indicadores-preco-do-cafe-arabica-tem-queda-nesta-segunda-feira\/"},"modified":"2023-07-10T13:18:00","modified_gmt":"2023-07-10T13:18:00","slug":"indicadores-preco-do-cafe-arabica-tem-queda-nesta-segunda-feira","status":"publish","type":"post","link":"https:\/\/noticiasdestaque.com.br\/index.php\/2023\/07\/10\/indicadores-preco-do-cafe-arabica-tem-queda-nesta-segunda-feira\/","title":{"rendered":"INDICADORES: Pre\u00e7o do caf\u00e9 ar\u00e1bica tem queda nesta segunda-feira (10)"},"content":{"rendered":"<p>A saca de 60 quilos do caf\u00e9 ar\u00e1bica come\u00e7ou a segunda-feira (10) com queda de 0,03% no pre\u00e7o e \u00e9 vendida a R$ 829,19 na cidade de S\u00e3o Paulo. J\u00e1 o pre\u00e7o do caf\u00e9 robusta teve alta de 1,09% e a saca de 60 kg l\u00edquido, \u00e0 vista, \u00e9 comercializada a R$657,77 para retirada nas imedia\u00e7\u00f5es da regi\u00e3o produtora de Colatina e S\u00e3o Gabriel da Palha, no estado do Esp\u00edrito Santo.<\/p>\n<p>O a\u00e7\u00facar cristal subiu 1,20% e o produto \u00e9 vendido a R$ 141,50 em S\u00e3o Paulo. Em Santos, no litoral paulista, o valor da saca de 50 quilos, sem impostos, tamb\u00e9m subiu. A alta foi de 0,87% e \u00e9 comercializada a R$ 140,35.<\/p>\n<p>Na B3, a bolsa financeira, o pre\u00e7o da saca de 60 quilos do milho teve alta de 0,96% e \u00e9 negociada a R$ 55,88.<\/p>\n<p>Os valores s\u00e3o do Cepea.<\/p>\n<\/p>\n<p> Fonte: Brasil61<\/p>\n<input type=\"hidden\" id=\"baseurl\" value=\"https:\/\/noticiasdestaque.com.br\"><input type=\"hidden\" id=\"audio_nonce\" value=\"6f73a554f1\">","protected":false},"excerpt":{"rendered":"<p>Caf\u00e9 ar\u00e1bica \u00e9 negociado a R$ 829,19 na cidade de S\u00e3o Paulo<\/p>\n","protected":false},"author":1,"featured_media":8727,"comment_status":"open","ping_status":"open","sticky":false,"template":"","format":"standard","meta":{"fifu_image_url":"","fifu_image_alt":"","footnotes":""},"categories":[1],"tags":[107],"class_list":["post-8725","post","type-post","status-publish","format-standard","has-post-thumbnail","hentry","category-uncategorized","tag-closer-vendedor-milionario"],"distributor_meta":false,"distributor_terms":false,"distributor_media":false,"distributor_original_site_name":"Noticias em Destaque","distributor_original_site_url":"https:\/\/noticiasdestaque.com.br","push-errors":false,"_links":{"self":[{"href":"https:\/\/noticiasdestaque.com.br\/index.php\/wp-json\/wp\/v2\/posts\/8725","targetHints":{"allow":["GET"]}}],"collection":[{"href":"https:\/\/noticiasdestaque.com.br\/index.php\/wp-json\/wp\/v2\/posts"}],"about":[{"href":"https:\/\/noticiasdestaque.com.br\/index.php\/wp-json\/wp\/v2\/types\/post"}],"author":[{"embeddable":true,"href":"https:\/\/noticiasdestaque.com.br\/index.php\/wp-json\/wp\/v2\/users\/1"}],"replies":[{"embeddable":true,"href":"https:\/\/noticiasdestaque.com.br\/index.php\/wp-json\/wp\/v2\/comments?post=8725"}],"version-history":[{"count":1,"href":"https:\/\/noticiasdestaque.com.br\/index.php\/wp-json\/wp\/v2\/posts\/8725\/revisions"}],"predecessor-version":[{"id":8726,"href":"https:\/\/noticiasdestaque.com.br\/index.php\/wp-json\/wp\/v2\/posts\/8725\/revisions\/8726"}],"wp:featuredmedia":[{"embeddable":true,"href":"https:\/\/noticiasdestaque.com.br\/index.php\/wp-json\/wp\/v2\/media\/8727"}],"wp:attachment":[{"href":"https:\/\/noticiasdestaque.com.br\/index.php\/wp-json\/wp\/v2\/media?parent=8725"}],"wp:term":[{"taxonomy":"category","embeddable":true,"href":"https:\/\/noticiasdestaque.com.br\/index.php\/wp-json\/wp\/v2\/categories?post=8725"},{"taxonomy":"post_tag","embeddable":true,"href":"https:\/\/noticiasdestaque.com.br\/index.php\/wp-json\/wp\/v2\/tags?post=8725"}],"curies":[{"name":"wp","href":"https:\/\/api.w.org\/{rel}","templated":true}]}}