{"id":8722,"date":"2023-07-10T12:48:00","date_gmt":"2023-07-10T12:48:00","guid":{"rendered":"https:\/\/noticiasdestaque.com.br\/index.php\/2023\/07\/10\/precisamos-de-mais-reformas-positivas-para-a-populacao\/"},"modified":"2023-07-10T12:48:00","modified_gmt":"2023-07-10T12:48:00","slug":"precisamos-de-mais-reformas-positivas-para-a-populacao","status":"publish","type":"post","link":"https:\/\/noticiasdestaque.com.br\/index.php\/2023\/07\/10\/precisamos-de-mais-reformas-positivas-para-a-populacao\/","title":{"rendered":"Precisamos de mais reformas positivas para a popula\u00e7\u00e3o"},"content":{"rendered":"<p>Do que adianta termos reformas tribut\u00e1rias, se os valores dos impostos cobrados n\u00e3o forem reduzidos? Precisamos urgentemente de reformas jur\u00eddicas, para voltarmos a ter uma justi\u00e7a igual para todos; reformas pol\u00edticas, buscando uma redu\u00e7\u00e3o de partidos e congressistas.<\/p>\n<p>Para diminuir o Custo Brasil, precisamos de reformas nos mais variados campos, ou o pa\u00eds ficar\u00e1 obsoleto. <br \/>\nMuitos ainda vivem na linha da pobreza, sem ter saneamento b\u00e1sico, sofrendo com o desemprego e ainda castigados pela infla\u00e7\u00e3o de alimentos, acreditando no governante, nas redu\u00e7\u00f5es de impostos e melhores investimentos. Mas, o que presenciamos n\u00e3o \u00e9 bem assim.<\/p>\n<p>Precisamos, sim, de reformas gerais, para que voltemos a ter paci\u00eancia social, fiscal e, principalmente, jur\u00eddica. \u00c9 necess\u00e1rio, ainda, acabar com privil\u00e9gios que muitos t\u00eam. E n\u00e3o s\u00e3o poucos.<\/p>\n<p>Estamos presenciando diversos abusos por parte de nossos congressistas eleitos pela popula\u00e7\u00e3o \u2014 e de juristas, que n\u00e3o s\u00e3o eleitos e sim empossados, por l\u00edderes governistas.<\/p>\n<p>O Brasil precisa de novos investimentos, de ampliar parcerias saud\u00e1veis. Mas, no momento, passaram a se preocupar mais com os vizinhos latinos e suas crises. E com um cessar &#8211; fogo na guerra entre Ucr\u00e2nia e R\u00fassia.<\/p>\n<p>Deixamos de arrumar a casa para virar coadjuvante mundial, nos apequenando aos europeus, com parcerias entre o continente europeu e a Am\u00e9rica do Sul. Mas n\u00e3o vir\u00e3o como querem Brasil e seus parceiros.<\/p>\n<p>Vivemos em um continente com diversas tribos espalhadas, com seus costumes diferenciados. N\u00e3o podemos deixar de enxergar que as m\u00e1s administra\u00e7\u00f5es atuais \u2014 e as que foram feitas anteriormente em diversos estados e munic\u00edpios \u2014, aumentem ainda mais o diferencial entre pobres e ricos. <\/p>\n<p>Entendam que, mesmo com as reformas e sem frear a corrup\u00e7\u00e3o (motivo do alto Custo Brasil), a popula\u00e7\u00e3o carente viver\u00e1 \u00e0s custas de sustentos do governo. Entre eles est\u00e3o vale g\u00e1s, bolsa fam\u00edlia, entre outros, deixando a popula\u00e7\u00e3o carente ainda mais dependente do Estado. <\/p>\n<p>O que precisamos \u00e9 de um governo que cultive mais empregos, traga mais investimentos, melhore a situa\u00e7\u00e3o de setores importantes, como, sa\u00fade e seguran\u00e7a, passando a se interessar mais pelo povo.<br \/>\nPrecisamos das reformas. Mas, se houver, que venham mais alinhadas com a popula\u00e7\u00e3o.<\/p>\n<p><img decoding=\"async\" alt=\"\" src=\"\/\/s3-sa-east-1.amazonaws.com\/agencia-radio-arb\/5419\/content_MINHA_PUBLICA\u00c7\u00c3O__MINHA_OPINI\u00c3O__DIRETO_AO_PONTO.jpg\" style=\"width: 50%;\"><\/p>\n<p> Fonte: Brasil61<\/p>\n<input type=\"hidden\" id=\"baseurl\" value=\"https:\/\/noticiasdestaque.com.br\"><input type=\"hidden\" id=\"audio_nonce\" value=\"6f73a554f1\">","protected":false},"excerpt":{"rendered":"<p>Adianta ter reformas tribut\u00e1rias, se os valores dos impostos cobrados n\u00e3o forem reduzidos? <\/p>\n","protected":false},"author":1,"featured_media":8724,"comment_status":"open","ping_status":"open","sticky":false,"template":"","format":"standard","meta":{"fifu_image_url":"","fifu_image_alt":"","footnotes":""},"categories":[1],"tags":[],"class_list":["post-8722","post","type-post","status-publish","format-standard","has-post-thumbnail","hentry","category-uncategorized"],"distributor_meta":false,"distributor_terms":false,"distributor_media":false,"distributor_original_site_name":"Noticias em Destaque","distributor_original_site_url":"https:\/\/noticiasdestaque.com.br","push-errors":false,"_links":{"self":[{"href":"https:\/\/noticiasdestaque.com.br\/index.php\/wp-json\/wp\/v2\/posts\/8722","targetHints":{"allow":["GET"]}}],"collection":[{"href":"https:\/\/noticiasdestaque.com.br\/index.php\/wp-json\/wp\/v2\/posts"}],"about":[{"href":"https:\/\/noticiasdestaque.com.br\/index.php\/wp-json\/wp\/v2\/types\/post"}],"author":[{"embeddable":true,"href":"https:\/\/noticiasdestaque.com.br\/index.php\/wp-json\/wp\/v2\/users\/1"}],"replies":[{"embeddable":true,"href":"https:\/\/noticiasdestaque.com.br\/index.php\/wp-json\/wp\/v2\/comments?post=8722"}],"version-history":[{"count":1,"href":"https:\/\/noticiasdestaque.com.br\/index.php\/wp-json\/wp\/v2\/posts\/8722\/revisions"}],"predecessor-version":[{"id":8723,"href":"https:\/\/noticiasdestaque.com.br\/index.php\/wp-json\/wp\/v2\/posts\/8722\/revisions\/8723"}],"wp:featuredmedia":[{"embeddable":true,"href":"https:\/\/noticiasdestaque.com.br\/index.php\/wp-json\/wp\/v2\/media\/8724"}],"wp:attachment":[{"href":"https:\/\/noticiasdestaque.com.br\/index.php\/wp-json\/wp\/v2\/media?parent=8722"}],"wp:term":[{"taxonomy":"category","embeddable":true,"href":"https:\/\/noticiasdestaque.com.br\/index.php\/wp-json\/wp\/v2\/categories?post=8722"},{"taxonomy":"post_tag","embeddable":true,"href":"https:\/\/noticiasdestaque.com.br\/index.php\/wp-json\/wp\/v2\/tags?post=8722"}],"curies":[{"name":"wp","href":"https:\/\/api.w.org\/{rel}","templated":true}]}}