{"id":8701,"date":"2023-07-06T19:29:00","date_gmt":"2023-07-06T19:29:00","guid":{"rendered":"https:\/\/noticiasdestaque.com.br\/index.php\/2023\/07\/06\/ze-celso-foi-o-encenador-mais-transgressor-da-cenaquot-diz-dramaturga\/"},"modified":"2023-07-06T19:29:00","modified_gmt":"2023-07-06T19:29:00","slug":"ze-celso-foi-o-encenador-mais-transgressor-da-cenaquot-diz-dramaturga","status":"publish","type":"post","link":"https:\/\/noticiasdestaque.com.br\/index.php\/2023\/07\/06\/ze-celso-foi-o-encenador-mais-transgressor-da-cenaquot-diz-dramaturga\/","title":{"rendered":"\u201cZ\u00e9 Celso foi o encenador mais transgressor da cena"},"content":{"rendered":"<style> bloco.meta {font-style: italic; color: #666;font-weight: 600;font-size: .8em; \/* line-height: .3em; *\/}  text h2 { font-weight: 700 !important;  color: #062f46 !important;} text img { width: none; left: none;}<\/style>\n<\/p>\n<p>\u201cZ\u00e9 Celso foi o encenador mais transgressor e mais disruptivo da cena brasileira. Da ditadura \u00e0 abertura, encenou espet\u00e1culos de grande magnitude, sob a beleza arquitet\u00f4nica do Oficina de Lina Bo Bardi. Imprimiu uma marca indel\u00e9vel de um teatro orgi\u00e1stico e transgressor em muitos artistas e coletivos brasileiros\u201d. Foi assim que a jornalista, dramaturga, professora e coordenadora de Dramaturgia da SP Escola de Teatro, Marici Salom\u00e3o, definiu o diretor, ator e dramaturgo <a href=\"http:\/\/agenciabrasil.ebc.com.br\/geral\/noticia\/2023-07\/morre-o-ator-e-dramaturgo-ze-celso-aos-86-anos-em-sao-paulo\" target=\"_blank\">Jos\u00e9 Celso Martinez Corr\u00eaa<\/a>, que faleceu hoje (6), em S\u00e3o Paulo.<aimg src=\"https:\/\/aagenciabrasil.ebc.com.br\/ebc.apng?id=1542325 o=node\" style=\"width:1px; height:1px; display:inline;\"><\/aimg><aimg src=\"https:\/\/aagenciabrasil.ebc.com.br\/ebc.agif?id=1542325 o=node\" style=\"width:1px; height:1px; display:inline;\"><\/aimg><\/p>\n<p>Marici contou \u00e0 reportagem da <strong>Ag\u00eancia Brasil <\/strong>que conheceu Z\u00e9 Celso quando era rep\u00f3rter colaboradora do Caderno 2 do jornal O Estado de S.Paulo e cobriu os ensaios da primeira montagem da pe\u00e7a Os Sert\u00f5es, baseada no livro de Euclides da Cunha e que narra a Guerra de Canudos, movimento liderado por Ant\u00f4nio Conselheiro. Fazem parte dessa epopeia musical A terra (2002), O homem \u2013 parte 1 \u2013 do pr\u00e9-homem \u00e0 re-volta (2003), O homem \u2013 parte 2 \u2013 da re-volta ao trans-homem (2003), A luta \u2013 parte 1 (2005) e A luta \u2013 parte 2 (2006).<\/p>\n<p>\u201cNo Oficina, fiquei esperando por cerca de meia hora na cabine t\u00e9cnica. Quando desci, Z\u00e9 e o elenco formavam um c\u00edrculo em torno da cadeira em que eu sentaria. Encaravam-me. Logo percebi que quem chegava n\u00e3o era a Marici, mas uma personagem euclidiana, diante de Conselheiro e seu bando. Eu estava em Canudos e transportada a um universo outro. Essa era a for\u00e7a do Z\u00e9, romper com o lugar comum\u201d, relatou a jornalista e dramaturga.<\/p>\n<p>O <a href=\"http:\/\/memoria.ebc.com.br\/agenciabrasil\/noticia\/2010-04-07\/comissao-reconhece-condicao-de-anistiado-politico-do-dramaturgo-ze-celso?_gl=1*1qqizgc*_ga*MTIyNjQ2NDU1MS4xNjg4MDU5Mzc1*_ga_TGW7R30M20*MTY4ODY1ODQzNi41LjEuMTY4ODY1OTgyMy41OS4wLjA\" target=\"_blank\">Teatro Oficina Uzyna Uzona<\/a> \u00e9 um grupo fundado pelo diretor em 1958 e uma das companhias mais longevas do Brasil, tendo tamb\u00e9m uma grande  atua\u00e7\u00e3o pol\u00edica. Desde 1961, o grupo ocupa um pr\u00e9dio localizado no bairro do Bixiga, no centro da capital paulista, projetado pela arquiteta Lina Bo Bardi e que foi tombado pelo Instituto do Patrim\u00f4nio Hist\u00f3rico e Art\u00edstico Nacional (Iphan).<\/p>\n<p> nd-widget-wrapper context-cheio_8colunas type-gallery&#8221;<\/p>\n<input type=\"hidden\" id=\"baseurl\" value=\"https:\/\/noticiasdestaque.com.br\"><input type=\"hidden\" id=\"audio_nonce\" value=\"6a24ca502e\">","protected":false},"excerpt":{"rendered":"<p>Ator morreu em raz\u00e3o de inc\u00eandio que atingiu seu im\u00f3vel<\/p>\n","protected":false},"author":1,"featured_media":8703,"comment_status":"open","ping_status":"open","sticky":false,"template":"","format":"standard","meta":{"fifu_image_url":"","fifu_image_alt":"","footnotes":""},"categories":[1],"tags":[106],"class_list":["post-8701","post","type-post","status-publish","format-standard","has-post-thumbnail","hentry","category-uncategorized","tag-brunna-pareja"],"distributor_meta":false,"distributor_terms":false,"distributor_media":false,"distributor_original_site_name":"Noticias em Destaque","distributor_original_site_url":"https:\/\/noticiasdestaque.com.br","push-errors":false,"_links":{"self":[{"href":"https:\/\/noticiasdestaque.com.br\/index.php\/wp-json\/wp\/v2\/posts\/8701","targetHints":{"allow":["GET"]}}],"collection":[{"href":"https:\/\/noticiasdestaque.com.br\/index.php\/wp-json\/wp\/v2\/posts"}],"about":[{"href":"https:\/\/noticiasdestaque.com.br\/index.php\/wp-json\/wp\/v2\/types\/post"}],"author":[{"embeddable":true,"href":"https:\/\/noticiasdestaque.com.br\/index.php\/wp-json\/wp\/v2\/users\/1"}],"replies":[{"embeddable":true,"href":"https:\/\/noticiasdestaque.com.br\/index.php\/wp-json\/wp\/v2\/comments?post=8701"}],"version-history":[{"count":1,"href":"https:\/\/noticiasdestaque.com.br\/index.php\/wp-json\/wp\/v2\/posts\/8701\/revisions"}],"predecessor-version":[{"id":8702,"href":"https:\/\/noticiasdestaque.com.br\/index.php\/wp-json\/wp\/v2\/posts\/8701\/revisions\/8702"}],"wp:featuredmedia":[{"embeddable":true,"href":"https:\/\/noticiasdestaque.com.br\/index.php\/wp-json\/wp\/v2\/media\/8703"}],"wp:attachment":[{"href":"https:\/\/noticiasdestaque.com.br\/index.php\/wp-json\/wp\/v2\/media?parent=8701"}],"wp:term":[{"taxonomy":"category","embeddable":true,"href":"https:\/\/noticiasdestaque.com.br\/index.php\/wp-json\/wp\/v2\/categories?post=8701"},{"taxonomy":"post_tag","embeddable":true,"href":"https:\/\/noticiasdestaque.com.br\/index.php\/wp-json\/wp\/v2\/tags?post=8701"}],"curies":[{"name":"wp","href":"https:\/\/api.w.org\/{rel}","templated":true}]}}