{"id":8683,"date":"2023-07-06T16:46:00","date_gmt":"2023-07-06T16:46:00","guid":{"rendered":"https:\/\/noticiasdestaque.com.br\/index.php\/2023\/07\/06\/antecedente-de-emprego-da-fgv-subiu-pontos-em-junho\/"},"modified":"2023-07-06T16:46:00","modified_gmt":"2023-07-06T16:46:00","slug":"antecedente-de-emprego-da-fgv-subiu-pontos-em-junho","status":"publish","type":"post","link":"https:\/\/noticiasdestaque.com.br\/index.php\/2023\/07\/06\/antecedente-de-emprego-da-fgv-subiu-pontos-em-junho\/","title":{"rendered":"Antecedente de emprego da FGV subiu 2,2 pontos em junho"},"content":{"rendered":"<p>O <a href=\"https:\/\/portalibre.fgv.br\/noticias\/iaemp-sobe-em-junho-e-compensa-quedas-dos-ultimos-dois-meses\">indicador<\/a> que mede a pr\u00e9via de emprego atingiu o maior valor desde outubro de 2022. O Indicador Antecedente de Emprego (IAEmp) subiu 2,2 pontos em junho. <\/p>\n<p>Seis  dos sete componentes do Indicador influenciaram a alta, com destaque para o indicador de Situa\u00e7\u00e3o Atual dos Neg\u00f3cios de Servi\u00e7os que contribuiu com 0,7 ponto \u2014  e para os indicadores de Emprego Previsto e de Tend\u00eancia dos Neg\u00f3cios da Ind\u00fastria que contribu\u00edram na mesma propor\u00e7\u00e3o com 0,5 ponto.<\/p>\n<p>O \u00fanico componente que contribuiu negativamente foi o indicador de Situa\u00e7\u00e3o Atual dos Neg\u00f3cios da Ind\u00fastria com -0,1 ponto.<\/p>\n<p>Ainda que o indicador n\u00e3o me\u00e7a precisamente a varia\u00e7\u00e3o mensal de emprego no pa\u00eds, ele est\u00e1 positivamente relacionado com esta taxa. <\/p>\n<p>Ou seja, uma alta do indicador sinaliza poss\u00edveis melhores taxas de emprego para os pr\u00f3ximos meses. <\/p>\n<p>Para especialistas da Funda\u00e7\u00e3o Get\u00falio Vargas, a \u00faltima alta do indicador compensa as quedas que ocorreram nos dois meses anteriores. Por\u00e9m, a melhoria deste resultado indica cautela para resultados positivos favor\u00e1veis no mercado de trabalho nos pr\u00f3ximos meses. <\/p>\n<p>As boas not\u00edcias, para os pr\u00f3ximos meses, no campo macroecon\u00f4mico, ser\u00e3o fundamentais para a gera\u00e7\u00e3o de emprego \u2014 complementam os especialistas. <\/p>\n<p>O Indicador \u00e9 divulgado pelo Instituto Brasileiro de Economia, IBRE, da FGV.<\/p>\n<h2>Brasil registra saldo positivo no mercado de trabalho em maio <\/h2>\n<p>Recentemente, o <a href=\"http:\/\/pdet.mte.gov.br\/novo-caged\">CAGED<\/a>  \u2014 Cadastro Geral de Empregadores e Desempregados  \u2014 referente a maio de 2023 registrou marcas positivas. <\/p>\n<p>O emprego celetista no Brasil apresentou expans\u00e3o em maio em 155 mil novos postos de trabalho. O setor de Servi\u00e7os foi que registrou maior alta, seguido por Constru\u00e7\u00e3o e Agropecu\u00e1ria. <\/p>\n<p>As cinco regi\u00f5es brasileiras apresentaram saldo positivo, com o Sudeste liderando o maior n\u00famero de novos postos de trabalho. <\/p>\n<p>Os dados referentes ao CAGED s\u00e3o divulgados pelo Minist\u00e9rio do Trabalho. \n <\/p>\n<p> Fonte: Brasil61<\/p>\n<input type=\"hidden\" id=\"baseurl\" value=\"https:\/\/noticiasdestaque.com.br\"><input type=\"hidden\" id=\"audio_nonce\" value=\"6f73a554f1\">","protected":false},"excerpt":{"rendered":"<p>O indicador que mede a pr\u00e9via de emprego atingiu o maior valor desde outubro de 2022 <\/p>\n","protected":false},"author":1,"featured_media":8685,"comment_status":"open","ping_status":"open","sticky":false,"template":"","format":"standard","meta":{"fifu_image_url":"","fifu_image_alt":"","footnotes":""},"categories":[1],"tags":[107],"class_list":["post-8683","post","type-post","status-publish","format-standard","has-post-thumbnail","hentry","category-uncategorized","tag-closer-vendedor-milionario"],"distributor_meta":false,"distributor_terms":false,"distributor_media":false,"distributor_original_site_name":"Noticias em Destaque","distributor_original_site_url":"https:\/\/noticiasdestaque.com.br","push-errors":false,"_links":{"self":[{"href":"https:\/\/noticiasdestaque.com.br\/index.php\/wp-json\/wp\/v2\/posts\/8683","targetHints":{"allow":["GET"]}}],"collection":[{"href":"https:\/\/noticiasdestaque.com.br\/index.php\/wp-json\/wp\/v2\/posts"}],"about":[{"href":"https:\/\/noticiasdestaque.com.br\/index.php\/wp-json\/wp\/v2\/types\/post"}],"author":[{"embeddable":true,"href":"https:\/\/noticiasdestaque.com.br\/index.php\/wp-json\/wp\/v2\/users\/1"}],"replies":[{"embeddable":true,"href":"https:\/\/noticiasdestaque.com.br\/index.php\/wp-json\/wp\/v2\/comments?post=8683"}],"version-history":[{"count":1,"href":"https:\/\/noticiasdestaque.com.br\/index.php\/wp-json\/wp\/v2\/posts\/8683\/revisions"}],"predecessor-version":[{"id":8684,"href":"https:\/\/noticiasdestaque.com.br\/index.php\/wp-json\/wp\/v2\/posts\/8683\/revisions\/8684"}],"wp:featuredmedia":[{"embeddable":true,"href":"https:\/\/noticiasdestaque.com.br\/index.php\/wp-json\/wp\/v2\/media\/8685"}],"wp:attachment":[{"href":"https:\/\/noticiasdestaque.com.br\/index.php\/wp-json\/wp\/v2\/media?parent=8683"}],"wp:term":[{"taxonomy":"category","embeddable":true,"href":"https:\/\/noticiasdestaque.com.br\/index.php\/wp-json\/wp\/v2\/categories?post=8683"},{"taxonomy":"post_tag","embeddable":true,"href":"https:\/\/noticiasdestaque.com.br\/index.php\/wp-json\/wp\/v2\/tags?post=8683"}],"curies":[{"name":"wp","href":"https:\/\/api.w.org\/{rel}","templated":true}]}}