{"id":8680,"date":"2023-07-05T21:47:00","date_gmt":"2023-07-05T21:47:00","guid":{"rendered":"https:\/\/noticiasdestaque.com.br\/index.php\/2023\/07\/05\/espetaculo-de-danca-com-mulheres-pretas-e-gordas-ataca-preconceitos\/"},"modified":"2023-07-05T21:47:00","modified_gmt":"2023-07-05T21:47:00","slug":"espetaculo-de-danca-com-mulheres-pretas-e-gordas-ataca-preconceitos","status":"publish","type":"post","link":"https:\/\/noticiasdestaque.com.br\/index.php\/2023\/07\/05\/espetaculo-de-danca-com-mulheres-pretas-e-gordas-ataca-preconceitos\/","title":{"rendered":"Espet\u00e1culo de dan\u00e7a com mulheres pretas e gordas ataca preconceitos"},"content":{"rendered":"<style> bloco.meta {font-style: italic; color: #666;font-weight: 600;font-size: .8em; \/* line-height: .3em; *\/}  text h2 { font-weight: 700 !important;  color: #062f46 !important;} text img { width: none; left: none;}<\/style>\n<\/p>\n<p>O Festival Latinidades ter\u00e1 no palco, na pr\u00f3xima quinta (6), \u00e0s 19h30, o espet\u00e1culo <em>Engasgadas, segundo rito para regurgitar o mundo<\/em>. A apresenta\u00e7\u00e3o, de autoria do grupo Zona Agbara, de S\u00e3o Paulo, tem acesso gratuito e pode ser assistida no audit\u00f3rio 1 do Museu Nacional da Rep\u00fablica, em Bras\u00edlia (DF). O Festival Latinidades conta com apoio da <strong>Empresa Brasil de Comunica\u00e7\u00e3o<\/strong> (<strong>EBC<\/strong>).<aimg src=\"https:\/\/aagenciabrasil.ebc.com.br\/ebc.apng?id=1541997 o=node\" style=\"width:1px; height:1px; display:inline;\"><\/aimg><aimg src=\"https:\/\/aagenciabrasil.ebc.com.br\/ebc.agif?id=1541997 o=node\" style=\"width:1px; height:1px; display:inline;\"><\/aimg><\/p>\n<p>No palco do espet\u00e1culo que estreou em maio em S\u00e3o Paulo, h\u00e1 o resultado expl\u00edcito de muita pesquisa e tamb\u00e9m de indigna\u00e7\u00e3o. \u201cForam oito meses de pesquisa e cria\u00e7\u00e3o para chegar ao resultado. O Zona Agbara \u00e9 um coletivo formado exclusivamente por mulheres pretas e gordas. Ent\u00e3o, a gente pauta as quest\u00f5es ligadas \u00e0 luta antigordofobia\u201d, afirma a diretora Gal Martins, que tamb\u00e9m atua e \u00e9 respons\u00e1vel pela coreografia.<\/p>\n<p><a href=\"https:\/\/latinidades.afrolatinas.com.br\/df\/\" target=\"_blank\">Confira programa\u00e7\u00e3o aqui<\/a> <\/p>\n<p>Gal Martins, que \u00e9 soci\u00f3loga, explica, em entrevista \u00e0 <strong>Ag\u00eancia Brasil<\/strong>, que o trabalho leva ao palco as quest\u00f5es raciais e do feminismo preto tamb\u00e9m. \u201cEsse trabalho especificamente \u00e9 uma continuidade da nossa pesquisa que trazia uma perspectiva do que \u00e9 engolir o mundo. H\u00e1 no imagin\u00e1rio popular de que pessoas gordas s\u00f3 comem\u201d, critica. Ela contextualiza que vem dessa reflex\u00e3o o t\u00edtulo \u201cEngasgadas\u201d, no sentido de ter que encarar todas as viol\u00eancias a que as mulheres est\u00e3o submetidas.<\/p>\n<p> nd-widget-wrapper context-grande_6colunas type-image atom-align-left&#8221;<\/p>\n<input type=\"hidden\" id=\"baseurl\" value=\"https:\/\/noticiasdestaque.com.br\"><input type=\"hidden\" id=\"audio_nonce\" value=\"6f73a554f1\">","protected":false},"excerpt":{"rendered":"<p>Apresenta\u00e7\u00e3o ser\u00e1 na pr\u00f3xima quinta-feira em Bras\u00edlia<\/p>\n","protected":false},"author":1,"featured_media":8682,"comment_status":"open","ping_status":"open","sticky":false,"template":"","format":"standard","meta":{"fifu_image_url":"","fifu_image_alt":"","footnotes":""},"categories":[1],"tags":[106],"class_list":["post-8680","post","type-post","status-publish","format-standard","has-post-thumbnail","hentry","category-uncategorized","tag-brunna-pareja"],"distributor_meta":false,"distributor_terms":false,"distributor_media":false,"distributor_original_site_name":"Noticias em Destaque","distributor_original_site_url":"https:\/\/noticiasdestaque.com.br","push-errors":false,"_links":{"self":[{"href":"https:\/\/noticiasdestaque.com.br\/index.php\/wp-json\/wp\/v2\/posts\/8680","targetHints":{"allow":["GET"]}}],"collection":[{"href":"https:\/\/noticiasdestaque.com.br\/index.php\/wp-json\/wp\/v2\/posts"}],"about":[{"href":"https:\/\/noticiasdestaque.com.br\/index.php\/wp-json\/wp\/v2\/types\/post"}],"author":[{"embeddable":true,"href":"https:\/\/noticiasdestaque.com.br\/index.php\/wp-json\/wp\/v2\/users\/1"}],"replies":[{"embeddable":true,"href":"https:\/\/noticiasdestaque.com.br\/index.php\/wp-json\/wp\/v2\/comments?post=8680"}],"version-history":[{"count":1,"href":"https:\/\/noticiasdestaque.com.br\/index.php\/wp-json\/wp\/v2\/posts\/8680\/revisions"}],"predecessor-version":[{"id":8681,"href":"https:\/\/noticiasdestaque.com.br\/index.php\/wp-json\/wp\/v2\/posts\/8680\/revisions\/8681"}],"wp:featuredmedia":[{"embeddable":true,"href":"https:\/\/noticiasdestaque.com.br\/index.php\/wp-json\/wp\/v2\/media\/8682"}],"wp:attachment":[{"href":"https:\/\/noticiasdestaque.com.br\/index.php\/wp-json\/wp\/v2\/media?parent=8680"}],"wp:term":[{"taxonomy":"category","embeddable":true,"href":"https:\/\/noticiasdestaque.com.br\/index.php\/wp-json\/wp\/v2\/categories?post=8680"},{"taxonomy":"post_tag","embeddable":true,"href":"https:\/\/noticiasdestaque.com.br\/index.php\/wp-json\/wp\/v2\/tags?post=8680"}],"curies":[{"name":"wp","href":"https:\/\/api.w.org\/{rel}","templated":true}]}}