{"id":8677,"date":"2023-07-05T20:47:00","date_gmt":"2023-07-05T20:47:00","guid":{"rendered":"https:\/\/noticiasdestaque.com.br\/index.php\/2023\/07\/05\/orcamento-de-acoes-para-primeira-infancia-sobe-em\/"},"modified":"2023-07-05T20:47:00","modified_gmt":"2023-07-05T20:47:00","slug":"orcamento-de-acoes-para-primeira-infancia-sobe-em","status":"publish","type":"post","link":"https:\/\/noticiasdestaque.com.br\/index.php\/2023\/07\/05\/orcamento-de-acoes-para-primeira-infancia-sobe-em\/","title":{"rendered":"Or\u00e7amento de a\u00e7\u00f5es para primeira inf\u00e2ncia sobe 38,3% em 2023"},"content":{"rendered":"<style> bloco.meta {font-style: italic; color: #666;font-weight: 600;font-size: .8em; \/* line-height: .3em; *\/}  text h2 { font-weight: 700 !important;  color: #062f46 !important;} text img { width: none; left: none;}<\/style>\n<\/p>\n<p>Ap\u00f3s anos de estrangulamento, o or\u00e7amento das a\u00e7\u00f5es para a primeira inf\u00e2ncia (crian\u00e7as de at\u00e9 6 anos) foi ampliado em 2023. Segundo relat\u00f3rio repassado com exclusividade para a <strong>Ag\u00eancia Brasil<\/strong> pela Secretaria de Or\u00e7amento Federal (SOF) do Minist\u00e9rio do Planejamento, a dota\u00e7\u00e3o subiu de R$ 19,606 bilh\u00f5es no ano passado para R$ 27,109 bilh\u00f5es neste ano, alta de 38,3%.<aimg src=\"https:\/\/aagenciabrasil.ebc.com.br\/ebc.apng?id=1541978 o=node\" style=\"width:1px; height:1px; display:inline;\"><\/aimg><aimg src=\"https:\/\/aagenciabrasil.ebc.com.br\/ebc.agif?id=1541978 o=node\" style=\"width:1px; height:1px; display:inline;\"><\/aimg><\/p>\n<p>\u201cO relat\u00f3rio mostra que h\u00e1 um esfor\u00e7o governamental para garantir materialidade \u00e0s pol\u00edticas p\u00fablicas de enfrentamento a alguns dos maiores problemas enfrentados por este p\u00fablico no Brasil: a pobreza e os riscos a ela associados, como mortalidade infantil, desnutri\u00e7\u00e3o cr\u00f4nica e atrasos no desenvolvimento f\u00edsico e intelectual\u201d, ressaltou a SOF no documento.<\/p>\n<p>Na divis\u00e3o por pastas, o Minist\u00e9rio do Desenvolvimento e Assist\u00eancia Social lidera o Or\u00e7amento, com R$ 14,9 bilh\u00f5es dispon\u00edveis (54,97% do total). Em seguida, v\u00eam os minist\u00e9rios da Sa\u00fade, com R$ 9,612 bilh\u00f5es (35,46%); e da Educa\u00e7\u00e3o, com R$ 2,552 bilh\u00f5es (9,41%). O restante est\u00e1 distribu\u00eddo pelas seguintes pastas: Minist\u00e9rio dos Direitos Humanos e da Cidadania (0,07%), Minist\u00e9rio da Justi\u00e7a e Seguran\u00e7a P\u00fablica (0,06%), Minist\u00e9rio das Mulheres (0,03%) e Minist\u00e9rio dos Povos Ind\u00edgenas (0,003%).<\/p>\n<p>Outros tr\u00eas minist\u00e9rios \u2013 Igualdade Racial, Cultura e Esporte \u2013 informaram ao Minist\u00e9rio do Planejamento n\u00e3o haver programa\u00e7\u00e3o or\u00e7ament\u00e1ria para a primeira inf\u00e2ncia no exerc\u00edcio atual. No governo anterior, essas pastas estavam incorporadas a minist\u00e9rios que executavam pol\u00edticas para a primeira inf\u00e2ncia.<\/p>\n<p>Em rela\u00e7\u00e3o \u00e0s agendas listadas no Plano Plurianual (PPA) como priorit\u00e1rias, as a\u00e7\u00f5es ligadas ao Bolsa Fam\u00edlia (e ao antigo Aux\u00edlio Brasil) encabe\u00e7am as verbas em 2023, com 52,87% dos cerca de R$ 27 bilh\u00f5es. As a\u00e7\u00f5es de promo\u00e7\u00e3o de cidadania concentram R$ 8,544 bilh\u00f5es (31,52%), e as voltadas \u00e0 inclus\u00e3o social respondem por R$ 5,789 bilh\u00f5es (21,35%). Em terceiro lugar, v\u00eam a agenda de aten\u00e7\u00e3o especializada \u00e0 sa\u00fade, com R$ 5,495 bilh\u00f5es (20,27%).<\/p>\n<p> nd-widget-wrapper context-cheio_8colunas type-image&#8221;<\/p>\n<input type=\"hidden\" id=\"baseurl\" value=\"https:\/\/noticiasdestaque.com.br\"><input type=\"hidden\" id=\"audio_nonce\" value=\"6f73a554f1\">","protected":false},"excerpt":{"rendered":"<p>Pouco mais da metade dos recursos v\u00e3o para o Bolsa Fam\u00edlia<\/p>\n","protected":false},"author":1,"featured_media":8679,"comment_status":"open","ping_status":"open","sticky":false,"template":"","format":"standard","meta":{"fifu_image_url":"","fifu_image_alt":"","footnotes":""},"categories":[1],"tags":[106],"class_list":["post-8677","post","type-post","status-publish","format-standard","has-post-thumbnail","hentry","category-uncategorized","tag-brunna-pareja"],"distributor_meta":false,"distributor_terms":false,"distributor_media":false,"distributor_original_site_name":"Noticias em Destaque","distributor_original_site_url":"https:\/\/noticiasdestaque.com.br","push-errors":false,"_links":{"self":[{"href":"https:\/\/noticiasdestaque.com.br\/index.php\/wp-json\/wp\/v2\/posts\/8677","targetHints":{"allow":["GET"]}}],"collection":[{"href":"https:\/\/noticiasdestaque.com.br\/index.php\/wp-json\/wp\/v2\/posts"}],"about":[{"href":"https:\/\/noticiasdestaque.com.br\/index.php\/wp-json\/wp\/v2\/types\/post"}],"author":[{"embeddable":true,"href":"https:\/\/noticiasdestaque.com.br\/index.php\/wp-json\/wp\/v2\/users\/1"}],"replies":[{"embeddable":true,"href":"https:\/\/noticiasdestaque.com.br\/index.php\/wp-json\/wp\/v2\/comments?post=8677"}],"version-history":[{"count":1,"href":"https:\/\/noticiasdestaque.com.br\/index.php\/wp-json\/wp\/v2\/posts\/8677\/revisions"}],"predecessor-version":[{"id":8678,"href":"https:\/\/noticiasdestaque.com.br\/index.php\/wp-json\/wp\/v2\/posts\/8677\/revisions\/8678"}],"wp:featuredmedia":[{"embeddable":true,"href":"https:\/\/noticiasdestaque.com.br\/index.php\/wp-json\/wp\/v2\/media\/8679"}],"wp:attachment":[{"href":"https:\/\/noticiasdestaque.com.br\/index.php\/wp-json\/wp\/v2\/media?parent=8677"}],"wp:term":[{"taxonomy":"category","embeddable":true,"href":"https:\/\/noticiasdestaque.com.br\/index.php\/wp-json\/wp\/v2\/categories?post=8677"},{"taxonomy":"post_tag","embeddable":true,"href":"https:\/\/noticiasdestaque.com.br\/index.php\/wp-json\/wp\/v2\/tags?post=8677"}],"curies":[{"name":"wp","href":"https:\/\/api.w.org\/{rel}","templated":true}]}}