{"id":8674,"date":"2023-07-05T20:17:00","date_gmt":"2023-07-05T20:17:00","guid":{"rendered":"https:\/\/noticiasdestaque.com.br\/index.php\/2023\/07\/05\/numero-de-mortes-por-policiais-aumenta-em-sao-paulo\/"},"modified":"2023-07-05T20:17:00","modified_gmt":"2023-07-05T20:17:00","slug":"numero-de-mortes-por-policiais-aumenta-em-sao-paulo","status":"publish","type":"post","link":"https:\/\/noticiasdestaque.com.br\/index.php\/2023\/07\/05\/numero-de-mortes-por-policiais-aumenta-em-sao-paulo\/","title":{"rendered":"N\u00famero de mortes por policiais aumenta em S\u00e3o Paulo"},"content":{"rendered":"<style> bloco.meta {font-style: italic; color: #666;font-weight: 600;font-size: .8em; \/* line-height: .3em; *\/}  text h2 { font-weight: 700 !important;  color: #062f46 !important;} text img { width: none; left: none;}<\/style>\n<\/p>\n<p>O n\u00famero de pessoas mortas por policiais voltou a aumentar no m\u00eas de maio deste ano no estado de S\u00e3o Paulo, passando de 35 para 38 na compara\u00e7\u00e3o com o mesmo m\u00eas do ano passado. Informa\u00e7\u00f5es da Secretaria de Seguran\u00e7a P\u00fablica (SSP), divulgadas no <em>Di\u00e1rio Oficial<\/em> desta segunda-feira (3), revelam que 32 pessoas foram mortas por policiais militares em servi\u00e7o, o que representa 88% a mais que em maio de 2022, quando houve 17 v\u00edtimas. <aimg src=\"https:\/\/aagenciabrasil.ebc.com.br\/ebc.apng?id=1541969 o=node\" style=\"width:1px; height:1px; display:inline;\"><\/aimg><aimg src=\"https:\/\/aagenciabrasil.ebc.com.br\/ebc.agif?id=1541969 o=node\" style=\"width:1px; height:1px; display:inline;\"><\/aimg><\/p>\n<p>Ainda em maio, tr\u00eas pessoas foram mortas por policiais militares de folga, redu\u00e7\u00e3o de 75%, e tr\u00eas pessoas mortas por policiais civis em servi\u00e7o, duas a mais em rela\u00e7\u00e3o a maio de 2022. No acumulado do ano, foram 189 pessoas mortas por policiais, um aumento de 8,6% em rela\u00e7\u00e3o ao mesmo per\u00edodo do ano passado. Levando em conta somente as mortes em confrontos com PMs em servi\u00e7o, n\u00famero acumulado chegou a 130.<\/p>\n<p>Os dados da SSP mostram ainda que os n\u00fameros totais de policiais mortos somam 15, incluindo civis e militares, em folga ou em servi\u00e7o, mesmo n\u00famero de janeiro a maio do ano passado. Considerando apenas o m\u00eas de maio, este ano foram seis policiais mortos e um no ano passado.<\/p>\n<p>Para o pesquisador do F\u00f3rum Brasileiro de Seguran\u00e7a P\u00fablica Dennis Pacheco, os aumentos consecutivos da letalidade policial demonstram um not\u00f3rio retrocesso da gest\u00e3o da seguran\u00e7a p\u00fablica em S\u00e3o Paulo. \u201cCom a mudan\u00e7a de governo, observamos o retorno do discurso insidioso de promo\u00e7\u00e3o da letalidade policial, cujas consequ\u00eancias s\u00e3o mortes, especialmente de jovens negros, que poderiam ser evitadas\u201d, disse.<\/p>\n<p>\u201cPara voltarmos ao caminho democr\u00e1tico de garantia da seguran\u00e7a p\u00fablica, \u00e9 preciso assumir o compromisso antirracista e recha\u00e7ar o discurso de que bons policiais s\u00e3o policiais assassinos em desacordo com os protocolos e a legalidade que profissionalizam seu uso da for\u00e7a, cobrando atua\u00e7\u00e3o dos \u00f3rg\u00e3os de controle: a Ouvidoria, a Corregedoria e o Minist\u00e9rio P\u00fablico no sentido de reduzir a impunidade de policiais homicidas\u201d, avaliou Pacheco.<\/p>\n<p>Ele ressalta que, em 2022, o estado teve intensa redu\u00e7\u00e3o, tanto da letalidade quanto da vitimiza\u00e7\u00e3o policial, que se posicionou enquanto modelo de governan\u00e7a do uso da for\u00e7a policial por meio do Programa Olho Vivo, que promoveu o uso de c\u00e2meras corporais pela Pol\u00edcia Militar. \u201cAntes dele [programa Olho Vivo], a maior parte das mortes causadas pelas pol\u00edcias paulistas n\u00e3o caracterizava confronto, e sim uso abusivo da for\u00e7a\u201d, disse.<\/p>\n<p>Segundo Pacheco, tr\u00eas elementos principais revelavam o uso abusivo da for\u00e7a naquele momento, mortes causadas pelas pol\u00edcias seguiam aumentando mesmo diante de redu\u00e7\u00f5es sucessivas de homic\u00eddios; mortes causadas pelas pol\u00edcias seguiam aumentando sem que esse aumento se refletisse no n\u00famero de policiais mortos em servi\u00e7o ou fora dele; e o principal alvo da letalidade policial eram adolescentes negros, pobres e perif\u00e9ricos de dez a 19 anos de idade.<\/p>\n<p>O pesquisador avalia que o programa funcionou, no ano passado, porque amarrou fatores tecnol\u00f3gicos a pol\u00edtico-administrativos, unindo as c\u00e2meras corporais a dispositivos estatais de controle e redu\u00e7\u00e3o da letalidade, como a Comiss\u00e3o de Mitiga\u00e7\u00e3o de N\u00e3o-Conformidade e, principalmente, transforma\u00e7\u00f5es discursivas das lideran\u00e7as.<\/p>\n<h2>Outro lado<\/h2>\n<p>A SSP disse que as mortes decorrentes de interven\u00e7\u00e3o policial n\u00e3o devem ser juntadas ou equiparadas as ocorr\u00eancias em servi\u00e7o e em folga, porque s\u00e3o din\u00e2micas diferentes. \u201cPoliciais em servi\u00e7o est\u00e3o atuando para proteger a popula\u00e7\u00e3o, j\u00e1 os que est\u00e3o em folga s\u00e3o, na maior parte dos casos, surpreendidos pelos criminosos, em seu momento de lazer\u201d, diz nota do \u00f3rg\u00e3o.<\/p>\n<p>Segundo a secretaria, todo bimestre uma comiss\u00e3o da letalidade se re\u00fane para avaliar os dados, formada por representantes da SSP, Minist\u00e9rio P\u00fablico, Defensoria P\u00fablica, Instituto Sou da Paz, N\u00facleo de Estudos da Viol\u00eancia da USP e do F\u00f3rum Brasileiro de Seguran\u00e7a P\u00fablica.<\/p>\n<p>\u201cTodos os casos s\u00e3o investigados pelas pol\u00edcias, encaminhados ao Minist\u00e9rio P\u00fablico e julgados pela Justi\u00e7a. Em ambas as situa\u00e7\u00f5es, os policiais s\u00e3o apoiados e passam pelo Programa de Acompanhamento e Apoio ao Policial Militar (PAAPM). H\u00e1 ainda uma an\u00e1lise da Comiss\u00e3o de Mitiga\u00e7\u00e3o de Riscos, programa institucional voltado \u00e0 identifica\u00e7\u00e3o de n\u00e3o conformidades t\u00e9cnico-operacionais\u201d, informou a secretaria.<\/p>\n<p>A secretaria argumenta ainda que a principal causa das mortes decorre da a\u00e7\u00e3o dos suspeitos no momento das pris\u00f5es. \u201cNos primeiros cinco meses, as for\u00e7as policiais prenderam 79.846 criminosos, sendo que 189 foram mortos em confrontos durante essas pris\u00f5es. Tais dados indicam que o uso da for\u00e7a letal foi necess\u00e1rio uma vez em cada 422 pris\u00f5es ou apreens\u00f5es de infratores, demonstrando que a principal causa da morte n\u00e3o \u00e9 a atua\u00e7\u00e3o pol\u00edcia, mas, sim, a op\u00e7\u00e3o pelo confronto por parte do infrator\u201d.<\/p>\n<p><em>* Mat\u00e9ria corrigida \u00e0s 17h04. No primeiro par\u00e1grafo o correto s\u00e3o n\u00famero de mortos passam de 35 para 38, e n\u00e3o 34 como publicado. No segundo par\u00e1grafo, o aumento do n\u00famero de mortos representam 8,6% e n\u00e3o 9,25% conforme publicado.<\/em><\/p>\n<p class=\"alt-font font-italic my-2 small text-info\">\n                                                Edi\u00e7\u00e3o:   Fernando Fraga                    <\/p>\n<p>            <!-- blog End --><\/p>\n<p>            <!-- tag and share --><\/p>\n<p> Fonte: EBC <\/p>\n<input type=\"hidden\" id=\"baseurl\" value=\"https:\/\/noticiasdestaque.com.br\"><input type=\"hidden\" id=\"audio_nonce\" value=\"6f73a554f1\">","protected":false},"excerpt":{"rendered":"<p>Dados s\u00e3o da Secretaria se Seguran\u00e7a P\u00fablica<\/p>\n","protected":false},"author":1,"featured_media":8676,"comment_status":"open","ping_status":"open","sticky":false,"template":"","format":"standard","meta":{"fifu_image_url":"","fifu_image_alt":"","footnotes":""},"categories":[1],"tags":[106],"class_list":["post-8674","post","type-post","status-publish","format-standard","has-post-thumbnail","hentry","category-uncategorized","tag-brunna-pareja"],"distributor_meta":false,"distributor_terms":false,"distributor_media":false,"distributor_original_site_name":"Noticias em Destaque","distributor_original_site_url":"https:\/\/noticiasdestaque.com.br","push-errors":false,"_links":{"self":[{"href":"https:\/\/noticiasdestaque.com.br\/index.php\/wp-json\/wp\/v2\/posts\/8674","targetHints":{"allow":["GET"]}}],"collection":[{"href":"https:\/\/noticiasdestaque.com.br\/index.php\/wp-json\/wp\/v2\/posts"}],"about":[{"href":"https:\/\/noticiasdestaque.com.br\/index.php\/wp-json\/wp\/v2\/types\/post"}],"author":[{"embeddable":true,"href":"https:\/\/noticiasdestaque.com.br\/index.php\/wp-json\/wp\/v2\/users\/1"}],"replies":[{"embeddable":true,"href":"https:\/\/noticiasdestaque.com.br\/index.php\/wp-json\/wp\/v2\/comments?post=8674"}],"version-history":[{"count":1,"href":"https:\/\/noticiasdestaque.com.br\/index.php\/wp-json\/wp\/v2\/posts\/8674\/revisions"}],"predecessor-version":[{"id":8675,"href":"https:\/\/noticiasdestaque.com.br\/index.php\/wp-json\/wp\/v2\/posts\/8674\/revisions\/8675"}],"wp:featuredmedia":[{"embeddable":true,"href":"https:\/\/noticiasdestaque.com.br\/index.php\/wp-json\/wp\/v2\/media\/8676"}],"wp:attachment":[{"href":"https:\/\/noticiasdestaque.com.br\/index.php\/wp-json\/wp\/v2\/media?parent=8674"}],"wp:term":[{"taxonomy":"category","embeddable":true,"href":"https:\/\/noticiasdestaque.com.br\/index.php\/wp-json\/wp\/v2\/categories?post=8674"},{"taxonomy":"post_tag","embeddable":true,"href":"https:\/\/noticiasdestaque.com.br\/index.php\/wp-json\/wp\/v2\/tags?post=8674"}],"curies":[{"name":"wp","href":"https:\/\/api.w.org\/{rel}","templated":true}]}}