{"id":8668,"date":"2023-07-05T18:47:00","date_gmt":"2023-07-05T18:47:00","guid":{"rendered":"https:\/\/noticiasdestaque.com.br\/index.php\/2023\/07\/05\/deputada-baiana-lanca-livro-mulher-preta-na-politica\/"},"modified":"2023-07-05T18:47:00","modified_gmt":"2023-07-05T18:47:00","slug":"deputada-baiana-lanca-livro-mulher-preta-na-politica","status":"publish","type":"post","link":"https:\/\/noticiasdestaque.com.br\/index.php\/2023\/07\/05\/deputada-baiana-lanca-livro-mulher-preta-na-politica\/","title":{"rendered":"Deputada baiana lan\u00e7a livro Mulher preta na pol\u00edtica"},"content":{"rendered":"<style> bloco.meta {font-style: italic; color: #666;font-weight: 600;font-size: .8em; \/* line-height: .3em; *\/}  text h2 { font-weight: 700 !important;  color: #062f46 !important;} text img { width: none; left: none;}<\/style>\n<\/p>\n<p>A deputada estadual Ol\u00edvia Santana (PCdoB-BA), de 56 anos, lan\u00e7a, no pr\u00f3ximo s\u00e1bado (dia 8), no Festival Latinidades, em Bras\u00edlia (DF), o seu primeiro livro: Mulher Preta na Pol\u00edtica (editora Mal\u00ea). O evento acontece no anexo do Museu Nacional em Bras\u00edlia. O festival conta com o apoio da<strong> Empresa Brasil de Comunica\u00e7\u00e3o (EBC)<\/strong>.<aimg src=\"https:\/\/aagenciabrasil.ebc.com.br\/ebc.apng?id=1541667 o=node\" style=\"width:1px; height:1px; display:inline;\"><\/aimg><aimg src=\"https:\/\/aagenciabrasil.ebc.com.br\/ebc.agif?id=1541667 o=node\" style=\"width:1px; height:1px; display:inline;\"><\/aimg><\/p>\n<p>O livro aborda, a partir das experi\u00eancias pessoais e de pesquisa, as dificuldades que mulheres pretas t\u00eam de chegar e de se estabelecer em cargos eletivos. Segundo a autora, o livro tem elementos de autobiografia, mas tamb\u00e9m dialoga com experi\u00eancias de outras mulheres negras que se candidataram para o Executivo ou para o Legislativo. \u201cEu cito, inclusive as situa\u00e7\u00f5es de viol\u00eancia pol\u00edtica que a gente vive\u201d, disse, em entrevista \u00e0 <strong>Ag\u00eancia Brasil<\/strong>. <\/p>\n<p>A deputada, que tem mais de 35 anos de trajet\u00f3ria nas lutas sociais, chegou ao segundo mandato, com 92.559 votos, nas elei\u00e7\u00f5es de 2022. A primeira vit\u00f3ria para deputada contou com 57.755 votos. <\/p>\n<p>\u201cEu sou a \u00fanica deputada preta da Assembleia Legislativa no estado mais negro do Brasil\u201d, afirmou a parlamentar. \u201cA popula\u00e7\u00e3o negra \u00e9 maioria neste pa\u00eds e, mesmo assim, a gente n\u00e3o tem a presen\u00e7a refletida adequadamente nos espa\u00e7os de poder\u201d.<\/p>\n<p>O livro ser\u00e1 lan\u00e7ado tamb\u00e9m no Museu do Amanh\u00e3 (no Rio de Janeiro), no dia 15 de julho, e na Casa Mulher com a Palavra, no Instituto Goethe (em Salvador), em 25 de Julho, Dia Internacional da Mulher Negra Latino-Americana e Caribenha.<\/p>\n<h2>De faxineira a deputada<\/h2>\n<p>A deputada, que \u00e9 professora e pedagoga, trabalhou, antes de chegar ao ensino superior, como faxineira e merendeira de uma escola. Encantada com o que via em uma sala de aula, resolveu estudar para ser docente.<\/p>\n<p>Foi com dificuldades que fez o curso de pedagogia na Universidade Federal da Bahia, ao mesmo tempo em que trabalhava na faxina. \u201cImaginem o que faz uma universidade na cabe\u00e7a de uma faxineira, favelada e inquieta\u201d, escreveu na introdu\u00e7\u00e3o do livro. <\/p>\n<h2>Minoria<\/h2>\n<p>Ela lamenta que dos 63 deputados da Assembleia Legislativa da Bahia, por exemplo, as mulheres continuem sendo minoria. \u201cEm 2018, n\u00f3s \u00e9ramos dez mulheres e eu era a \u00fanica mulher preta.<\/p>\n<p>Agora, s\u00f3 oito mulheres foram eleitas, apesar de n\u00e3o ter as mesmas ferramentas que os meus colegas homens tinham para fazer a campanha\u201d. <\/p>\n<p>Mesmo com mandato, ela percebeu momentos em que era preterida. \u201cA gente sabe quando o racismo e o machismo se articulam para deixar a gente de fora, ou para a gente ter menos garantia de emendas parlamentares\u201d. <\/p>\n<p>Al\u00e9m disso, ela identifica que o racismo se apresenta em diferentes faces. A parlamentar recorda, inclusive, epis\u00f3dios em que eleitores estranhavam o fato de ela ser candidata ou parlamentar. <\/p>\n<p>\u201cN\u00f3s somos t\u00e3o poucas nos espa\u00e7os de poder, historicamente associados a homens brancos. Essa constru\u00e7\u00e3o serve tamb\u00e9m como um pared\u00e3o para nos isolar desses espa\u00e7os e formatar um imagin\u00e1rio coletivo\u201d.<\/p>\n<p>Ol\u00edvia Santana foi secret\u00e1ria de Educa\u00e7\u00e3o e Cultura de Salvador, e pelo Estado da Bahia, atuou nas secretarias de Pol\u00edtica para Mulheres e de Trabalho, Emprego, Renda e Esporte.<\/p>\n<h2>Servi\u00e7o<\/h2>\n<p>Lan\u00e7amento do livro <em>Mulher Preta na Pol\u00edtica<\/em>, de Ol\u00edvia Santana<\/p>\n<p>Data: 8 de julho de 2023, \u00e0s 14h <\/p>\n<p>Festival Latinidades &#8211; Anexo do Museu Nacional, em Bras\u00edlia<\/p>\n<p class=\"alt-font font-italic my-2 small text-info\">\n                                                Edi\u00e7\u00e3o:   Gra\u00e7a Adjuto                    <\/p>\n<p>            <!-- blog End --><\/p>\n<p>            <!-- tag and share --><\/p>\n<p> Fonte: EBC <\/p>\n<input type=\"hidden\" id=\"baseurl\" value=\"https:\/\/noticiasdestaque.com.br\"><input type=\"hidden\" id=\"audio_nonce\" value=\"6f73a554f1\">","protected":false},"excerpt":{"rendered":"<p>Lan\u00e7amento ser\u00e1 no Festival Latinidades, em Bras\u00edlia, no s\u00e1bado (8)<\/p>\n","protected":false},"author":1,"featured_media":8670,"comment_status":"open","ping_status":"open","sticky":false,"template":"","format":"standard","meta":{"fifu_image_url":"","fifu_image_alt":"","footnotes":""},"categories":[1],"tags":[169],"class_list":["post-8668","post","type-post","status-publish","format-standard","has-post-thumbnail","hentry","category-uncategorized","tag-reabilitacao-para-alcoolatras"],"distributor_meta":false,"distributor_terms":false,"distributor_media":false,"distributor_original_site_name":"Noticias em Destaque","distributor_original_site_url":"https:\/\/noticiasdestaque.com.br","push-errors":false,"_links":{"self":[{"href":"https:\/\/noticiasdestaque.com.br\/index.php\/wp-json\/wp\/v2\/posts\/8668","targetHints":{"allow":["GET"]}}],"collection":[{"href":"https:\/\/noticiasdestaque.com.br\/index.php\/wp-json\/wp\/v2\/posts"}],"about":[{"href":"https:\/\/noticiasdestaque.com.br\/index.php\/wp-json\/wp\/v2\/types\/post"}],"author":[{"embeddable":true,"href":"https:\/\/noticiasdestaque.com.br\/index.php\/wp-json\/wp\/v2\/users\/1"}],"replies":[{"embeddable":true,"href":"https:\/\/noticiasdestaque.com.br\/index.php\/wp-json\/wp\/v2\/comments?post=8668"}],"version-history":[{"count":1,"href":"https:\/\/noticiasdestaque.com.br\/index.php\/wp-json\/wp\/v2\/posts\/8668\/revisions"}],"predecessor-version":[{"id":8669,"href":"https:\/\/noticiasdestaque.com.br\/index.php\/wp-json\/wp\/v2\/posts\/8668\/revisions\/8669"}],"wp:featuredmedia":[{"embeddable":true,"href":"https:\/\/noticiasdestaque.com.br\/index.php\/wp-json\/wp\/v2\/media\/8670"}],"wp:attachment":[{"href":"https:\/\/noticiasdestaque.com.br\/index.php\/wp-json\/wp\/v2\/media?parent=8668"}],"wp:term":[{"taxonomy":"category","embeddable":true,"href":"https:\/\/noticiasdestaque.com.br\/index.php\/wp-json\/wp\/v2\/categories?post=8668"},{"taxonomy":"post_tag","embeddable":true,"href":"https:\/\/noticiasdestaque.com.br\/index.php\/wp-json\/wp\/v2\/tags?post=8668"}],"curies":[{"name":"wp","href":"https:\/\/api.w.org\/{rel}","templated":true}]}}