{"id":8662,"date":"2023-07-05T17:17:00","date_gmt":"2023-07-05T17:17:00","guid":{"rendered":"https:\/\/noticiasdestaque.com.br\/index.php\/2023\/07\/05\/mprj-realiza-campanha-sobre-direitos-de-idosos-acima-de-anos\/"},"modified":"2023-07-05T17:17:00","modified_gmt":"2023-07-05T17:17:00","slug":"mprj-realiza-campanha-sobre-direitos-de-idosos-acima-de-anos","status":"publish","type":"post","link":"https:\/\/noticiasdestaque.com.br\/index.php\/2023\/07\/05\/mprj-realiza-campanha-sobre-direitos-de-idosos-acima-de-anos\/","title":{"rendered":"MPRJ realiza campanha sobre direitos de idosos acima de 80 anos"},"content":{"rendered":"<style> bloco.meta {font-style: italic; color: #666;font-weight: 600;font-size: .8em; \/* line-height: .3em; *\/}  text h2 { font-weight: 700 !important;  color: #062f46 !important;} text img { width: none; left: none;}<\/style>\n<\/p>\n<p>Em parceria com o Centro de Apoio Operacional das Promotorias de Justi\u00e7a de Prote\u00e7\u00e3o ao Idoso (CAO Idoso), o Minist\u00e9rio P\u00fablico do Estado do Rio de Janeiro (MPRJ) iniciou campanha de conscientiza\u00e7\u00e3o da popula\u00e7\u00e3o sobre os direitos da pessoa idosa com mais de 80 anos, lembrando que o Estatuto da Pessoa Idosa, alterado pela Lei n\u00ba 13.466 de 2017, oferece prioridade para esta faixa et\u00e1ria.<aimg src=\"https:\/\/aagenciabrasil.ebc.com.br\/ebc.apng?id=1541574 o=node\" style=\"width:1px; height:1px; display:inline;\"><\/aimg><aimg src=\"https:\/\/aagenciabrasil.ebc.com.br\/ebc.agif?id=1541574 o=node\" style=\"width:1px; height:1px; display:inline;\"><\/aimg><\/p>\n<p>Na campanha, divulgada pelas redes sociais do MPRJ, o cidad\u00e3o fluminense \u00e9 orientado sobre como proceder ao presenciar alguma cena de desrespeito \u00e0 Lei do Estatuto da Pessoa Idosa, seja ela causada por um outro consumidor ou pela falta de estrutura para o atendimento priorit\u00e1rio.<\/p>\n<p>\u201cCumprir as leis do Estatuto \u00e9 um dever e obriga\u00e7\u00e3o da sociedade\u201d, salienta o MPRJ. A campanha destaca que o atendimento preferencial deve ser prestado em hospitais, cl\u00ednicas, supermercados, cinemas, teatros, aeroportos, entre outros lugares. O atendimento a todas as pessoas idosas deve ser individualizado, com local espec\u00edfico, assentos especiais e com sinaliza\u00e7\u00e3o vis\u00edvel, com aten\u00e7\u00e3o dada por funcion\u00e1rios capacitados, destaca a institui\u00e7\u00e3o.<\/p>\n<p>De acordo com o Instituto Brasileiro de Geografia e Estat\u00edstica (IBGE), a previs\u00e3o \u00e9 de aumento da popula\u00e7\u00e3o idosa no Rio de Janeiro, nessa faixa et\u00e1ria. Em 2012, a popula\u00e7\u00e3o  80 somava 309.004 pessoas no estado, em n\u00fameros absolutos. Para 2023, a proje\u00e7\u00e3o \u00e9 que esse grupo dever\u00e1 ultrapassar a marca de 500 mil pessoas, alta de 64%.<\/p>\n<h2>Inqu\u00e9rito<\/h2>\n<p>A inobserv\u00e2ncia de prioridade especial aos maiores de 80 anos em supermercados deu origem a um inqu\u00e9rito civil instaurado pela Promotoria de Justi\u00e7a de Tutela Coletiva de Prote\u00e7\u00e3o ao Idoso da Capital. No procedimento, foi acordado que a Associa\u00e7\u00e3o de Supermercados do Estado do Rio de Janeiro (Asserj) faria campanha publicit\u00e1ria sobre o tema e procederia \u00e0 adequa\u00e7\u00e3o dos estabelecimentos<\/p>\n<p class=\"alt-font font-italic my-2 small text-info\">\n                                                Edi\u00e7\u00e3o:   Aline Leal                    <\/p>\n<p>            <!-- blog End --><\/p>\n<p>            <!-- tag and share --><\/p>\n<p> Fonte: EBC <\/p>\n<input type=\"hidden\" id=\"baseurl\" value=\"https:\/\/noticiasdestaque.com.br\"><input type=\"hidden\" id=\"audio_nonce\" value=\"5128c810d9\">","protected":false},"excerpt":{"rendered":"<p>A\u00e7\u00e3o lembra que o Estatuto do Idoso priorisa esta faixa et\u00e1ria<\/p>\n","protected":false},"author":1,"featured_media":8664,"comment_status":"open","ping_status":"open","sticky":false,"template":"","format":"standard","meta":{"fifu_image_url":"","fifu_image_alt":"","footnotes":""},"categories":[1],"tags":[106],"class_list":["post-8662","post","type-post","status-publish","format-standard","has-post-thumbnail","hentry","category-uncategorized","tag-brunna-pareja"],"distributor_meta":false,"distributor_terms":false,"distributor_media":false,"distributor_original_site_name":"Noticias em Destaque","distributor_original_site_url":"https:\/\/noticiasdestaque.com.br","push-errors":false,"_links":{"self":[{"href":"https:\/\/noticiasdestaque.com.br\/index.php\/wp-json\/wp\/v2\/posts\/8662","targetHints":{"allow":["GET"]}}],"collection":[{"href":"https:\/\/noticiasdestaque.com.br\/index.php\/wp-json\/wp\/v2\/posts"}],"about":[{"href":"https:\/\/noticiasdestaque.com.br\/index.php\/wp-json\/wp\/v2\/types\/post"}],"author":[{"embeddable":true,"href":"https:\/\/noticiasdestaque.com.br\/index.php\/wp-json\/wp\/v2\/users\/1"}],"replies":[{"embeddable":true,"href":"https:\/\/noticiasdestaque.com.br\/index.php\/wp-json\/wp\/v2\/comments?post=8662"}],"version-history":[{"count":1,"href":"https:\/\/noticiasdestaque.com.br\/index.php\/wp-json\/wp\/v2\/posts\/8662\/revisions"}],"predecessor-version":[{"id":8663,"href":"https:\/\/noticiasdestaque.com.br\/index.php\/wp-json\/wp\/v2\/posts\/8662\/revisions\/8663"}],"wp:featuredmedia":[{"embeddable":true,"href":"https:\/\/noticiasdestaque.com.br\/index.php\/wp-json\/wp\/v2\/media\/8664"}],"wp:attachment":[{"href":"https:\/\/noticiasdestaque.com.br\/index.php\/wp-json\/wp\/v2\/media?parent=8662"}],"wp:term":[{"taxonomy":"category","embeddable":true,"href":"https:\/\/noticiasdestaque.com.br\/index.php\/wp-json\/wp\/v2\/categories?post=8662"},{"taxonomy":"post_tag","embeddable":true,"href":"https:\/\/noticiasdestaque.com.br\/index.php\/wp-json\/wp\/v2\/tags?post=8662"}],"curies":[{"name":"wp","href":"https:\/\/api.w.org\/{rel}","templated":true}]}}