{"id":8653,"date":"2023-07-05T18:13:00","date_gmt":"2023-07-05T18:13:00","guid":{"rendered":"https:\/\/noticiasdestaque.com.br\/index.php\/2023\/07\/05\/tocantins-esta-em-vigor-o-periodo-do-vazio-sanitario-da-soja\/"},"modified":"2023-07-05T18:13:00","modified_gmt":"2023-07-05T18:13:00","slug":"tocantins-esta-em-vigor-o-periodo-do-vazio-sanitario-da-soja","status":"publish","type":"post","link":"https:\/\/noticiasdestaque.com.br\/index.php\/2023\/07\/05\/tocantins-esta-em-vigor-o-periodo-do-vazio-sanitario-da-soja\/","title":{"rendered":"Tocantins: est\u00e1 em vigor o per\u00edodo do vazio sanit\u00e1rio da soja"},"content":{"rendered":"<p>J\u00e1 est\u00e1 em vigor o primeiro per\u00edodo do vazio sanit\u00e1rio da soja em Tocantins, \u00e9poca em que \u00e9 vedado cultivar, implantar ou permitir a presen\u00e7a de plantas vivas de soja em qualquer est\u00e1gio de crescimento. O vazio sanit\u00e1rio \u00e9 uma medida adotada para prevenir e controlar a propaga\u00e7\u00e3o de doen\u00e7as e pragas nas lavouras nacionais. A medida passou a valer desde o \u00faltimo dia 1\u00b0 e se estende at\u00e9 o dia 30 de setembro.<\/p>\n<p>Rafael Moreira, pesquisador da Embrapa Soja, exp\u00f5e a import\u00e2ncia do per\u00edodo de vazio sanit\u00e1rio para o combate ao fungo que causa a ferrugem asi\u00e1tica.<\/p>\n<p>\u201cA ferrugem \u00e9 causada por um fungo que precisa da planta viva de soja para sobreviver. Ent\u00e3o se voc\u00ea n\u00e3o tem a planta no ambiente, na lavoura, no campo os esporos do fungo da ferrugem sobrevivem no m\u00e1ximo por cinquenta dias. Ent\u00e3o se ele n\u00e3o encontrar as plantas, ele vai cair e vai morrer. E com isso vai diminuir a popula\u00e7\u00e3o do fungo\u201d, explica.<\/p>\n<p>O fungo<em> Phakopsora pachyrhizi<\/em> \u00e9 o causador da ferrugem asi\u00e1tica, uma doen\u00e7a que pode ocasionar at\u00e9 75% de perda da safra e que possui alta capacidade de reprodu\u00e7\u00e3o e dissemina\u00e7\u00e3o.<\/p>\n<p>De acordo com a portaria n\u00ba 781\/2023 do Minist\u00e9rio da Agricultura e Pecu\u00e1ria (Mapa), a proibi\u00e7\u00e3o vai de 1 de julho a 30 de setembro. Os per\u00edodos de vazio sanit\u00e1rio s\u00e3o estabelecidos anualmente pelo Mapa e devem ser seguidos pelos estados produtores, de todo o pa\u00eds. <\/p>\n<h2>Os principais munic\u00edpios produtores de soja em Tocantins s\u00e3o:<\/h2>\n<ul>\n<li>Campos Lindos<\/li>\n<li>Peixe<\/li>\n<li>Lagoa da Confus\u00e3o<\/li>\n<li>Mateiros<\/li>\n<li>Porto Nacional<\/li>\n<li>Caseara<\/li>\n<li>Santa Rosa do Tocantins<\/li>\n<li>Monte do Carmo<\/li>\n<li>Aparecida do Rio Negro<\/li>\n<li>Alvorada<\/li>\n<\/ul>\n<h2>Cronograma por estado:<br \/>\n<img decoding=\"async\" alt=\"\" src=\"\/\/s3-sa-east-1.amazonaws.com\/agencia-radio-arb\/5421\/content_per\u00edodos-de-vazio-sanit\u00e1rio-para-a-cultura-da-soja.jpg\" style=\"width: 100%;\"><\/h2>\n<p>A viola\u00e7\u00e3o do per\u00edodo de vazio sanit\u00e1rio da soja pode resultar em penalidades como a interdi\u00e7\u00e3o da propriedade, multas, destrui\u00e7\u00e3o do plantio, e at\u00e9 mesmo responsabilidade criminal do propriet\u00e1rio, segundo o artigo n\u00ba 259 do C\u00f3digo Penal Brasileiro, que prev\u00ea reclus\u00e3o de 2 a 5 anos, e multa para quem difunde doen\u00e7a ou praga que possa causar dano \u00e0 floresta, planta\u00e7\u00e3o ou animais de utilidade econ\u00f4mica. No caso de culpa, a puni\u00e7\u00e3o \u00e9 de deten\u00e7\u00e3o de 1 a 6 meses, ou multa.\n <\/p>\n<p> Fonte: Brasil61<\/p>\n<input type=\"hidden\" id=\"baseurl\" value=\"https:\/\/noticiasdestaque.com.br\"><input type=\"hidden\" id=\"audio_nonce\" value=\"6f73a554f1\">","protected":false},"excerpt":{"rendered":"<p>A medida, que se estende at\u00e9 o dia 30 de setembro, tem como objetivo prevenir e controlar a propaga\u00e7\u00e3o de doen\u00e7as e pragas nas lavouras nacionais<\/p>\n","protected":false},"author":1,"featured_media":8655,"comment_status":"open","ping_status":"open","sticky":false,"template":"","format":"standard","meta":{"fifu_image_url":"","fifu_image_alt":"","footnotes":""},"categories":[1],"tags":[106],"class_list":["post-8653","post","type-post","status-publish","format-standard","has-post-thumbnail","hentry","category-uncategorized","tag-brunna-pareja"],"distributor_meta":false,"distributor_terms":false,"distributor_media":false,"distributor_original_site_name":"Noticias em Destaque","distributor_original_site_url":"https:\/\/noticiasdestaque.com.br","push-errors":false,"_links":{"self":[{"href":"https:\/\/noticiasdestaque.com.br\/index.php\/wp-json\/wp\/v2\/posts\/8653","targetHints":{"allow":["GET"]}}],"collection":[{"href":"https:\/\/noticiasdestaque.com.br\/index.php\/wp-json\/wp\/v2\/posts"}],"about":[{"href":"https:\/\/noticiasdestaque.com.br\/index.php\/wp-json\/wp\/v2\/types\/post"}],"author":[{"embeddable":true,"href":"https:\/\/noticiasdestaque.com.br\/index.php\/wp-json\/wp\/v2\/users\/1"}],"replies":[{"embeddable":true,"href":"https:\/\/noticiasdestaque.com.br\/index.php\/wp-json\/wp\/v2\/comments?post=8653"}],"version-history":[{"count":1,"href":"https:\/\/noticiasdestaque.com.br\/index.php\/wp-json\/wp\/v2\/posts\/8653\/revisions"}],"predecessor-version":[{"id":8654,"href":"https:\/\/noticiasdestaque.com.br\/index.php\/wp-json\/wp\/v2\/posts\/8653\/revisions\/8654"}],"wp:featuredmedia":[{"embeddable":true,"href":"https:\/\/noticiasdestaque.com.br\/index.php\/wp-json\/wp\/v2\/media\/8655"}],"wp:attachment":[{"href":"https:\/\/noticiasdestaque.com.br\/index.php\/wp-json\/wp\/v2\/media?parent=8653"}],"wp:term":[{"taxonomy":"category","embeddable":true,"href":"https:\/\/noticiasdestaque.com.br\/index.php\/wp-json\/wp\/v2\/categories?post=8653"},{"taxonomy":"post_tag","embeddable":true,"href":"https:\/\/noticiasdestaque.com.br\/index.php\/wp-json\/wp\/v2\/tags?post=8653"}],"curies":[{"name":"wp","href":"https:\/\/api.w.org\/{rel}","templated":true}]}}