{"id":8623,"date":"2023-07-04T17:43:00","date_gmt":"2023-07-04T17:43:00","guid":{"rendered":"https:\/\/noticiasdestaque.com.br\/index.php\/2023\/07\/04\/no-mercosul-lula-quer-ampliar-parcerias-externas\/"},"modified":"2023-07-04T17:43:00","modified_gmt":"2023-07-04T17:43:00","slug":"no-mercosul-lula-quer-ampliar-parcerias-externas","status":"publish","type":"post","link":"https:\/\/noticiasdestaque.com.br\/index.php\/2023\/07\/04\/no-mercosul-lula-quer-ampliar-parcerias-externas\/","title":{"rendered":"No Mercosul, Lula quer ampliar parcerias externas"},"content":{"rendered":"<style> bloco.meta {font-style: italic; color: #666;font-weight: 600;font-size: .8em; \/* line-height: .3em; *\/}  text h2 { font-weight: 700 !important;  color: #062f46 !important;} text img { width: none; left: none;}<\/style>\n<\/p>\n<p>Ao assumir a presid\u00eancia tempor\u00e1ria do Mercosul, o presidente Luiz In\u00e1cio Lula da Silva disse, nesta ter\u00e7a-feira (4), que tem uma agenda externa ambiciosa para bloco, na amplia\u00e7\u00e3o de mercados para exporta\u00e7\u00e3o dos produtos locais. Ele reafirmou que o <a href=\"https:\/\/agenciabrasil.ebc.com.br\/internacional\/noticia\/2023-06\/inaceitavel-diz-lula-sobre-proposta-da-ue-para-acordo-com-mercosul\" target=\"_blank\">acordo de livre com\u00e9rcio do Mercosul com a Uni\u00e3o Europeia (UE) \u00e9 inaceit\u00e1vel<\/a> e que est\u00e1 comprometido com a conclus\u00e3o de um tratado equilibrado e que assegure o espa\u00e7o necess\u00e1rio para ado\u00e7\u00e3o de pol\u00edticas p\u00fablicas \u201cem prol da integra\u00e7\u00e3o produtiva e da reindustrializa\u00e7\u00e3o\u201d.<aimg src=\"https:\/\/aagenciabrasil.ebc.com.br\/ebc.apng?id=1541944 o=node\" style=\"width:1px; height:1px; display:inline;\"><\/aimg><aimg src=\"https:\/\/aagenciabrasil.ebc.com.br\/ebc.agif?id=1541944 o=node\" style=\"width:1px; height:1px; display:inline;\"><\/aimg><\/p>\n<p>\u201cO Instrumento Adicional apresentado pela Uni\u00e3o Europeia em mar\u00e7o deste ano \u00e9 inaceit\u00e1vel. Parceiros estrat\u00e9gicos n\u00e3o negociam com base em desconfian\u00e7a e amea\u00e7a de san\u00e7\u00f5es. \u00c9 imperativo que o Mercosul apresente uma resposta r\u00e1pida e contundente\u201d, disse, durante a 62\u00aa C\u00fapula de Chefes de Estado do Mercosul e Estados Associados, em Puerto Iguaz\u00fa, na Argentina. A UE enviou aditivos a serem acrescentados no acordo, com a previs\u00e3o de aplica\u00e7\u00e3o de multas em caso de descumprimento de obriga\u00e7\u00f5es ambientais.<\/p>\n<p>\u201cN\u00e3o temos interesse em acordos que nos condenem ao eterno papel de exportadores de mat\u00e9ria-primas, min\u00e9rios e petr\u00f3leo. Precisamos de pol\u00edticas que contemplem uma integra\u00e7\u00e3o regional profunda, baseada no trabalho qualificado e na produ\u00e7\u00e3o de ci\u00eancia, tecnologia e inova\u00e7\u00e3o. Isso requer mais integra\u00e7\u00e3o, a articula\u00e7\u00e3o de processos produtivos e na interconex\u00e3o energ\u00e9tica, vi\u00e1ria e de comunica\u00e7\u00f5es\u201d, acrescentou o presidente.<\/p>\n<p> nd-widget-wrapper context-cheio_8colunas type-image&#8221;<\/p>\n<input type=\"hidden\" id=\"baseurl\" value=\"https:\/\/noticiasdestaque.com.br\"><input type=\"hidden\" id=\"audio_nonce\" value=\"c9f06e19e6\">","protected":false},"excerpt":{"rendered":"<p>Brasil recebeu do governo argentino a presid\u00eancia tempor\u00e1ria do bloco<\/p>\n","protected":false},"author":1,"featured_media":8625,"comment_status":"open","ping_status":"open","sticky":false,"template":"","format":"standard","meta":{"fifu_image_url":"","fifu_image_alt":"","footnotes":""},"categories":[1],"tags":[],"class_list":["post-8623","post","type-post","status-publish","format-standard","has-post-thumbnail","hentry","category-uncategorized"],"distributor_meta":false,"distributor_terms":false,"distributor_media":false,"distributor_original_site_name":"Noticias em Destaque","distributor_original_site_url":"https:\/\/noticiasdestaque.com.br","push-errors":false,"_links":{"self":[{"href":"https:\/\/noticiasdestaque.com.br\/index.php\/wp-json\/wp\/v2\/posts\/8623","targetHints":{"allow":["GET"]}}],"collection":[{"href":"https:\/\/noticiasdestaque.com.br\/index.php\/wp-json\/wp\/v2\/posts"}],"about":[{"href":"https:\/\/noticiasdestaque.com.br\/index.php\/wp-json\/wp\/v2\/types\/post"}],"author":[{"embeddable":true,"href":"https:\/\/noticiasdestaque.com.br\/index.php\/wp-json\/wp\/v2\/users\/1"}],"replies":[{"embeddable":true,"href":"https:\/\/noticiasdestaque.com.br\/index.php\/wp-json\/wp\/v2\/comments?post=8623"}],"version-history":[{"count":1,"href":"https:\/\/noticiasdestaque.com.br\/index.php\/wp-json\/wp\/v2\/posts\/8623\/revisions"}],"predecessor-version":[{"id":8624,"href":"https:\/\/noticiasdestaque.com.br\/index.php\/wp-json\/wp\/v2\/posts\/8623\/revisions\/8624"}],"wp:featuredmedia":[{"embeddable":true,"href":"https:\/\/noticiasdestaque.com.br\/index.php\/wp-json\/wp\/v2\/media\/8625"}],"wp:attachment":[{"href":"https:\/\/noticiasdestaque.com.br\/index.php\/wp-json\/wp\/v2\/media?parent=8623"}],"wp:term":[{"taxonomy":"category","embeddable":true,"href":"https:\/\/noticiasdestaque.com.br\/index.php\/wp-json\/wp\/v2\/categories?post=8623"},{"taxonomy":"post_tag","embeddable":true,"href":"https:\/\/noticiasdestaque.com.br\/index.php\/wp-json\/wp\/v2\/tags?post=8623"}],"curies":[{"name":"wp","href":"https:\/\/api.w.org\/{rel}","templated":true}]}}