{"id":8602,"date":"2023-07-04T17:11:00","date_gmt":"2023-07-04T17:11:00","guid":{"rendered":"https:\/\/noticiasdestaque.com.br\/index.php\/2023\/07\/04\/cientista-politico-defende-criacao-da-frente-parlamentar-dos-brics-no-senado\/"},"modified":"2023-07-04T17:11:00","modified_gmt":"2023-07-04T17:11:00","slug":"cientista-politico-defende-criacao-da-frente-parlamentar-dos-brics-no-senado","status":"publish","type":"post","link":"https:\/\/noticiasdestaque.com.br\/index.php\/2023\/07\/04\/cientista-politico-defende-criacao-da-frente-parlamentar-dos-brics-no-senado\/","title":{"rendered":"Cientista pol\u00edtico defende cria\u00e7\u00e3o da Frente Parlamentar dos Brics no Senado"},"content":{"rendered":"<p>Intensificar as rela\u00e7\u00f5es do Brasil com os demais pa\u00edses do Brics \u00e9 importante, mas \u00e9 preciso ter cuidado para n\u00e3o se isolar de outros grupos. \u00c9 o que aponta o cientista pol\u00edtico Andr\u00e9 C\u00e9sar. O especialista destaca a parceria comercial entre Brasil e China, segunda maior pot\u00eancia econ\u00f4mica mundial, dentro do bloco. No entanto, lembra que a R\u00fassia se tornou um p\u00e1ria no cen\u00e1rio internacional em fun\u00e7\u00e3o da guerra na Ucr\u00e2nia. <\/p>\n<p>Formado por Brasil, R\u00fassia, China, \u00cdndia e \u00c1frica do Sul, o Brics atua como um  mecanismo de coopera\u00e7\u00e3o em \u00e1reas que tenham o potencial de gerar resultados concretos aos brasileiros e \u00e0s popula\u00e7\u00f5es dos demais pa\u00edses membros. De acordo com o governo federal, o grupo representa mais de 3 bilh\u00f5es de habitantes e US$ 25 trilh\u00f5es em PIB, ou 40% da popula\u00e7\u00e3o mundial e cerca de um quarto do PIB global.<\/p>\n<p>A c\u00fapula do Brics est\u00e1 prevista para acontecer entre os dias 22 e 24 de agosto em Johanesburgo, na \u00c1frica do Sul. No \u00faltimo dia 22 de junho, o presidente da Rep\u00fablica Luiz In\u00e1cio Lula da Silva (PT) se reuniu com o presidente da \u00c1frica do Sul, Cyril Ramaphosa, em Paris, na Fran\u00e7a, para falar sobre a c\u00fapula. <\/p>\n<p>Em 2022, o volume de com\u00e9rcio exterior entre os dois pa\u00edses ficou em US$ 2,6 bilh\u00f5es, sendo US$ 1,7 bilh\u00e3o em exporta\u00e7\u00f5es brasileiras e US$ 900 milh\u00f5es em exporta\u00e7\u00f5es sul-africanas. Os produtos brasileiros mais exportados foram petr\u00f3leo (16% do total), frango (12%) e ve\u00edculos (7,2%). Nas importa\u00e7\u00f5es vindas da \u00c1frica do Sul, a prata e platina ficaram no topo (33%), seguidas pelo carv\u00e3o (11%) e o alum\u00ednio (10%). Os dados s\u00e3o do governo federal. <\/p>\n<h2>Frente Parlamentar dos Brics<\/h2>\n<p>Com o objetivo de aperfei\u00e7oar a participa\u00e7\u00e3o brasileira no bloco, foi instalado o Grupo Parlamentar dos Brics no Senado Federal. O senador Iraj\u00e1 (PSD-TO) foi quem sugeriu a cria\u00e7\u00e3o do grupo, proposta que foi aprovada em plen\u00e1rio pelos demais senadores no m\u00eas de maio (<a href=\"https:\/\/www25.senado.leg.br\/web\/atividade\/materias\/-\/materia\/155862?_gl=1*cwvmj*_ga*NDQ0MDk3NjU4LjE2NTUyMzU5MTI.*_ga_CW3ZH25XMK*MTY4NDk1NTUxNi4yNS4xLjE2ODQ5NTYzMjMuMC4wLjA.\" rel=\"noopener\" target=\"_blank\">PRS 11\/2023<\/a>). Entre os objetivos da Frente Parlamentar de Relacionamento com os Brics est\u00e3o acompanhar a legisla\u00e7\u00e3o e as pol\u00edticas que envolvam o bloco, promover o interc\u00e2mbio com  parlamentos dos demais pa\u00edses membros e acompanhar a tramita\u00e7\u00e3o no Senado Federal e no Congresso Nacional de mat\u00e9rias que tratem de assuntos de interesse dos Brics<\/p>\n<p>Segundo o senador Iraj\u00e1, que preside o grupo, a Frente Parlamentar dos Brics ser\u00e1 um ve\u00edculo importante para promover a converg\u00eancia de interesses e a busca por solu\u00e7\u00f5es conjuntas. <\/p>\n<p>\u201cAtrav\u00e9s de um di\u00e1logo constante e colaborativo, vamos identificar oportunidades de neg\u00f3cios, promover integra\u00e7\u00e3o, fomentar investimentos bilaterais, estimular inova\u00e7\u00e3o, a troca de tecnologias e a coopera\u00e7\u00e3o cient\u00edfica. Ao estreitar nossos la\u00e7os com essas na\u00e7\u00f5es, fortalecemos a nossa capacidade de enfrentar desafios globais, como as mudan\u00e7as clim\u00e1ticas\u201d, afirma. <\/p>\n<p>O especialista Andr\u00e9 C\u00e9sar avalia que a medida pode fortalecer a participa\u00e7\u00e3o do Brasil. <\/p>\n<p>\u201c\u00c9 mais um elemento para dar mais, digamos assim, consist\u00eancia para a posi\u00e7\u00e3o do Brasil dentro dos Brics. Para falar: olha, temos inclusive no \u00e2mbito do Congresso Nacional, temos um frente que trata exclusivamente das quest\u00f5es referentes ao bloco. Ent\u00e3o \u00e9 importante, ela ajuda o debate, realizar semin\u00e1rios, trazer autoridades dos pa\u00edses que integram o Brics. Acho importante isso\u201d, pontua. <\/p>\n<p> Fonte: Brasil61<\/p>\n<input type=\"hidden\" id=\"baseurl\" value=\"https:\/\/noticiasdestaque.com.br\"><input type=\"hidden\" id=\"audio_nonce\" value=\"c9f06e19e6\">","protected":false},"excerpt":{"rendered":"<p>Andr\u00e9 C\u00e9sar acredita que a frente fortalece a defesa dos interesses do bloco. Formado por Brasil, R\u00fassia, China, \u00cdndia e \u00c1frica do Sul, o Brics representa cerca de um quarto do PIB mundial <\/p>\n","protected":false},"author":1,"featured_media":8604,"comment_status":"open","ping_status":"open","sticky":false,"template":"","format":"standard","meta":{"fifu_image_url":"","fifu_image_alt":"","footnotes":""},"categories":[1],"tags":[],"class_list":["post-8602","post","type-post","status-publish","format-standard","has-post-thumbnail","hentry","category-uncategorized"],"distributor_meta":false,"distributor_terms":false,"distributor_media":false,"distributor_original_site_name":"Noticias em Destaque","distributor_original_site_url":"https:\/\/noticiasdestaque.com.br","push-errors":false,"_links":{"self":[{"href":"https:\/\/noticiasdestaque.com.br\/index.php\/wp-json\/wp\/v2\/posts\/8602","targetHints":{"allow":["GET"]}}],"collection":[{"href":"https:\/\/noticiasdestaque.com.br\/index.php\/wp-json\/wp\/v2\/posts"}],"about":[{"href":"https:\/\/noticiasdestaque.com.br\/index.php\/wp-json\/wp\/v2\/types\/post"}],"author":[{"embeddable":true,"href":"https:\/\/noticiasdestaque.com.br\/index.php\/wp-json\/wp\/v2\/users\/1"}],"replies":[{"embeddable":true,"href":"https:\/\/noticiasdestaque.com.br\/index.php\/wp-json\/wp\/v2\/comments?post=8602"}],"version-history":[{"count":1,"href":"https:\/\/noticiasdestaque.com.br\/index.php\/wp-json\/wp\/v2\/posts\/8602\/revisions"}],"predecessor-version":[{"id":8603,"href":"https:\/\/noticiasdestaque.com.br\/index.php\/wp-json\/wp\/v2\/posts\/8602\/revisions\/8603"}],"wp:featuredmedia":[{"embeddable":true,"href":"https:\/\/noticiasdestaque.com.br\/index.php\/wp-json\/wp\/v2\/media\/8604"}],"wp:attachment":[{"href":"https:\/\/noticiasdestaque.com.br\/index.php\/wp-json\/wp\/v2\/media?parent=8602"}],"wp:term":[{"taxonomy":"category","embeddable":true,"href":"https:\/\/noticiasdestaque.com.br\/index.php\/wp-json\/wp\/v2\/categories?post=8602"},{"taxonomy":"post_tag","embeddable":true,"href":"https:\/\/noticiasdestaque.com.br\/index.php\/wp-json\/wp\/v2\/tags?post=8602"}],"curies":[{"name":"wp","href":"https:\/\/api.w.org\/{rel}","templated":true}]}}