{"id":8593,"date":"2023-07-04T15:41:00","date_gmt":"2023-07-04T15:41:00","guid":{"rendered":"https:\/\/noticiasdestaque.com.br\/index.php\/2023\/07\/04\/minas-gerais-governo-anuncia-investimento-de-r-mi-na-recuperacao-da-rodovia-mgc\/"},"modified":"2023-07-04T15:41:00","modified_gmt":"2023-07-04T15:41:00","slug":"minas-gerais-governo-anuncia-investimento-de-r-mi-na-recuperacao-da-rodovia-mgc","status":"publish","type":"post","link":"https:\/\/noticiasdestaque.com.br\/index.php\/2023\/07\/04\/minas-gerais-governo-anuncia-investimento-de-r-mi-na-recuperacao-da-rodovia-mgc\/","title":{"rendered":"Minas Gerais: Governo anuncia investimento de R$ 68,9 mi na recupera\u00e7\u00e3o da rodovia MGC-122"},"content":{"rendered":"<p>O governo de Minas Gerais, por meio do Departamento de Estradas de Rodagem de Minas Gerais (DER-MG), anunciou que ir\u00e1 investir R$ 68,9 milh\u00f5es na recupera\u00e7\u00e3o de 106 quil\u00f4metros da MGC-122, que liga o munic\u00edpio de Jana\u00faba com a BR-251.<\/p>\n<p>De acordo com o DER-MG, o projeto est\u00e1 na fase final e a previs\u00e3o \u00e9 de que as obras comecem ainda neste ano. O empreendimento faz parte do programa Provias, o maior pacote de obras rodovi\u00e1rias dos \u00faltimos dez anos em Minas Gerais.<\/p>\n<p>O jornalista Jos\u00e9 Ambr\u00f3sio Prates, da R\u00e1dio Torre FM de Jana\u00faba, aponta que o Norte de Minas tem um atraso em rela\u00e7\u00e3o \u00e0s rodovi\u00e1rias, com muitas estradas de terra em liga\u00e7\u00f5es importantes que precisam ser corrigidas. \u201cA gente tem algumas estradas aqui no Vale do Jequitinhonha, que \u00e9 uma regi\u00e3o bem perto do Norte de Minas que ainda tem pontes de madeira. A necessidade de um grande investimento veio para que a malha d\u00ea acesso a todas as cidades de forma satisfat\u00f3ria\u201d, destaca.<\/p>\n<p>Leonardo Toledo, advogado especialista em infraestrutura, explica que o transporte rodovi\u00e1rio \u00e9 o principal modal log\u00edstico no Brasil. Por isso, facilitar o acesso ajuda a impulsionar o desenvolvimento socioecon\u00f4mico da regi\u00e3o.<\/p>\n<p>\u201cPrimeiro porque o investimento em infraestrutura, em si, \u00e9 um grande gerador de empregos e desenvolvimento, sobretudo \u00e0s regi\u00f5es investidas. Em segundo lugar, considerando o ganho log\u00edstico da melhora desse modal de transporte, h\u00e1 uma redu\u00e7\u00e3o do custo log\u00edstico de transporte das empresas que utilizam essa infraestrutura, aumentando a competitividade de empresas brasileiras e da regi\u00e3o\u201d, informa Toledo.<\/p>\n<h2>Provias<\/h2>\n<p>Lan\u00e7ado pelo Governo de Minas Gerais em abril de 2022, o programa Provias tem como objetivo melhorar as condi\u00e7\u00f5es prec\u00e1rias de muitas rodovias em Minas Gerais.<\/p>\n<p>O programa planeja um investimento total de R$ 4 bilh\u00f5es, sendo que R$ 2,5 bilh\u00f5es j\u00e1 foram garantidos para a execu\u00e7\u00e3o das obras. S\u00e3o mais de 120 interven\u00e7\u00f5es em rodovias que abrangem todo o estado, com 32 obras j\u00e1 finalizadas e 709 quil\u00f4metros de estradas recuperadas e entregues aos moradores de Minas Gerais.<\/p>\n<p><strong>Leia mais:<\/strong><\/p>\n<\/p>\n<p> Fonte: Brasil61<\/p>\n<input type=\"hidden\" id=\"baseurl\" value=\"https:\/\/noticiasdestaque.com.br\"><input type=\"hidden\" id=\"audio_nonce\" value=\"34245022d4\">","protected":false},"excerpt":{"rendered":"<p>As obras devem recuperar de 106 quil\u00f4metros nas rodovias no Norte de Minas. E devem come\u00e7ar ainda neste ano<\/p>\n","protected":false},"author":1,"featured_media":8595,"comment_status":"open","ping_status":"open","sticky":false,"template":"","format":"standard","meta":{"fifu_image_url":"","fifu_image_alt":"","footnotes":""},"categories":[1],"tags":[106],"class_list":["post-8593","post","type-post","status-publish","format-standard","has-post-thumbnail","hentry","category-uncategorized","tag-brunna-pareja"],"distributor_meta":false,"distributor_terms":false,"distributor_media":false,"distributor_original_site_name":"Noticias em Destaque","distributor_original_site_url":"https:\/\/noticiasdestaque.com.br","push-errors":false,"_links":{"self":[{"href":"https:\/\/noticiasdestaque.com.br\/index.php\/wp-json\/wp\/v2\/posts\/8593","targetHints":{"allow":["GET"]}}],"collection":[{"href":"https:\/\/noticiasdestaque.com.br\/index.php\/wp-json\/wp\/v2\/posts"}],"about":[{"href":"https:\/\/noticiasdestaque.com.br\/index.php\/wp-json\/wp\/v2\/types\/post"}],"author":[{"embeddable":true,"href":"https:\/\/noticiasdestaque.com.br\/index.php\/wp-json\/wp\/v2\/users\/1"}],"replies":[{"embeddable":true,"href":"https:\/\/noticiasdestaque.com.br\/index.php\/wp-json\/wp\/v2\/comments?post=8593"}],"version-history":[{"count":1,"href":"https:\/\/noticiasdestaque.com.br\/index.php\/wp-json\/wp\/v2\/posts\/8593\/revisions"}],"predecessor-version":[{"id":8594,"href":"https:\/\/noticiasdestaque.com.br\/index.php\/wp-json\/wp\/v2\/posts\/8593\/revisions\/8594"}],"wp:featuredmedia":[{"embeddable":true,"href":"https:\/\/noticiasdestaque.com.br\/index.php\/wp-json\/wp\/v2\/media\/8595"}],"wp:attachment":[{"href":"https:\/\/noticiasdestaque.com.br\/index.php\/wp-json\/wp\/v2\/media?parent=8593"}],"wp:term":[{"taxonomy":"category","embeddable":true,"href":"https:\/\/noticiasdestaque.com.br\/index.php\/wp-json\/wp\/v2\/categories?post=8593"},{"taxonomy":"post_tag","embeddable":true,"href":"https:\/\/noticiasdestaque.com.br\/index.php\/wp-json\/wp\/v2\/tags?post=8593"}],"curies":[{"name":"wp","href":"https:\/\/api.w.org\/{rel}","templated":true}]}}