{"id":850,"date":"2022-11-01T15:22:04","date_gmt":"2022-11-01T18:22:04","guid":{"rendered":"https:\/\/www.diariofama.com.br\/?p=850"},"modified":"2022-11-01T15:22:04","modified_gmt":"2022-11-01T18:22:04","slug":"em-rio-branco-no-acre-abrigo-acolhe-vitimas-de-desastres-naturais","status":"publish","type":"post","link":"https:\/\/noticiasdestaque.com.br\/index.php\/2022\/11\/01\/em-rio-branco-no-acre-abrigo-acolhe-vitimas-de-desastres-naturais\/","title":{"rendered":"Em Rio Branco, no Acre, abrigo acolhe v\u00edtimas de desastres naturais"},"content":{"rendered":"<p>A Defesa Civil da cidade de Rio Branco, no Acre, decidiu adotar uma estrat\u00e9gia voltada ao acolhimento nas a\u00e7\u00f5es de resposta aos desastres naturais que ocorrem no estado. Com a constru\u00e7\u00e3o de um abrigo, a popula\u00e7\u00e3o afetada por cat\u00e1strofes pode ser realocada, receber cuidados e ter um local para permanecer durante o per\u00edodo dif\u00edcil.<\/p>\n<p>\u201cDiante de um grande desastre, n\u00f3s precisamos inovar. E isso veio pela ideia de montarmos o abrigo. N\u00f3s pensamos que, a partir do momento que uma pessoa est\u00e1 em um desastre, ela j\u00e1 tem problema suficiente na sua vida\u201d, destaca o secret\u00e1rio da Defesa Civil de Rio Branco, Coronel Falc\u00e3o.<\/p>\n<p>Para colocar a ideia em pr\u00e1tica, a Defesa Civil municipal mobilizou, pelo menos, 13 secretarias municipais, secretarias estaduais, o Corpo de Bombeiros, a Defensoria P\u00fablica, o Minist\u00e9rio P\u00fablico, al\u00e9m de outras institui\u00e7\u00f5es e da sociedade civil. O abrigo foi estruturado com dois c\u00f4modos, seguran\u00e7a 24 horas, posto de sa\u00fade, doa\u00e7\u00e3o de roupas, atividades l\u00fadicas e restaurante pr\u00f3prio para a prepara\u00e7\u00e3o das refei\u00e7\u00f5es.<\/p>\n<p>A popula\u00e7\u00e3o afetada pelos efeitos das chuvas intensas celebra a cria\u00e7\u00e3o do abrigo. \u00c9 o caso da dona de casa Ant\u00f4nia Rodrigues, que precisou recorrer ao local.<\/p>\n<p>\u201c\u00c9 uma coisa muito boa. Tinha brinquedo, tinha coisa para os meninos, tinha merenda, tudo para n\u00f3s. Eu agrade\u00e7o muito. E, na hora que alagar, eu vou de novo para l\u00e1\u201d, comenta Ant\u00f4nia Rodrigues.<\/p>\n<h2>Banco de Boas Pr\u00e1ticas<\/h2>\n<p>O case de Rio Branco integra o Banco de Boas Pr\u00e1ticas em A\u00e7\u00f5es de Prote\u00e7\u00e3o e Defesa Civil, que tem contribu\u00eddo com estados e munic\u00edpios brasileiros no desenvolvimento de pol\u00edticas p\u00fablicas de aux\u00edlio \u00e0 popula\u00e7\u00e3o. Desenvolvido pela Defesa Civil Nacional, busca trazer solu\u00e7\u00f5es de f\u00e1cil implementa\u00e7\u00e3o em momentos nos quais a sociedade precisa de ajuda, em especial nas a\u00e7\u00f5es de preven\u00e7\u00e3o, mitiga\u00e7\u00e3o, prepara\u00e7\u00e3o, socorro e recupera\u00e7\u00e3o.<\/p>\n<p>\u201cAs Boas Pr\u00e1ticas s\u00e3o ideias de baixo custo, que n\u00f3s coletamos de estados e munic\u00edpios no Brasil e que podem ser replicadas. \u00c9 poss\u00edvel encontrar boas ideias para planos de conting\u00eancia, defesa civil na escola, gest\u00e3o sist\u00eamica, entre outras pr\u00e1ticas que permitem a prote\u00e7\u00e3o das pessoas nas cidades\u201d, explica o secret\u00e1rio Nacional de Prote\u00e7\u00e3o e Defesa Civil do Minist\u00e9rio do Desenvolvimento Regional (MDR), coronel Alexandre Lucas.<\/p>\n<p>O Banco pode ser acessado <a data-tippreview-enabled=\"false\" data-tippreview-image=\"\" data-tippreview-title=\"\" href=\"http:\/\/www.gov.br\/mdr\/pt-br\/assuntos\/protecao-e-defesa-civil\/boas-praticas\/boas-praticas-em-protecao-e-defesa-civil\" target=\"_blank\" title=\"\" rel=\"noopener\">neste link<\/a>. S\u00e3o mais de 80 iniciativas com temas que abordam as melhores pr\u00e1ticas do Sistema Nacional de Prote\u00e7\u00e3o e Defesa Civil (Sinpdec), por meio dos trabalhos que as Coordenadorias Estaduais e Municipais de Prote\u00e7\u00e3o e Defesa Civil v\u00eam desenvolvendo.<\/p>\n<p><strong>As Boas Pr\u00e1ticas s\u00e3o divididas em oito eixos:<\/strong><\/p>\n<ul>\n<li>Capacita\u00e7\u00e3o em Prote\u00e7\u00e3o e Defesa Civil<\/li>\n<li>Defesa Civil na Escola<\/li>\n<li>Iniciativas para as Comunidades<\/li>\n<li>Gest\u00e3o sist\u00eamica<\/li>\n<li>Mapeamento de \u00c1reas de Risco<\/li>\n<li>Monitoramento e Alerta<\/li>\n<li>N\u00facleos Comunit\u00e1rios de Prote\u00e7\u00e3o e Defesa Civil<\/li>\n<li>Planos de Conting\u00eancia<\/li>\n<\/ul>\n<p><strong>Confira abaixo v\u00eddeo sobre a boa pr\u00e1tica de Rio Branco:<\/strong><\/p>\n<p><iframe loading=\"lazy\" allow=\"accelerometer; autoplay; clipboard-write; encrypted-media; gyroscope; picture-in-picture\" allowfullscreen=\"\" frameborder=\"0\" height=\"450\" scrolling=\"no\" src=\"https:\/\/www.youtube.com\/embed\/c0AgYVo6SWE\" title=\"Boas Pr\u00e1ticas de Rio Branco\" width=\"770\"><\/iframe><\/p>\n<p>Fonte: Brasil61<\/p>\n<input type=\"hidden\" id=\"baseurl\" value=\"https:\/\/noticiasdestaque.com.br\"><input type=\"hidden\" id=\"audio_nonce\" value=\"9fd43fe80e\">","protected":false},"excerpt":{"rendered":"<p>Em Rio Branco (AC), a Defesa Civil prioriza a dignidade no acolhimento a v\u00edtimas de desastres naturais<\/p>\n","protected":false},"author":1,"featured_media":860,"comment_status":"open","ping_status":"open","sticky":false,"template":"","format":"standard","meta":{"fifu_image_url":"","fifu_image_alt":"","footnotes":""},"categories":[48],"tags":[],"class_list":["post-850","post","type-post","status-publish","format-standard","has-post-thumbnail","hentry","category-mundo"],"distributor_meta":false,"distributor_terms":false,"distributor_media":false,"distributor_original_site_name":"Portal de Recupera\u00e7\u00e3o","distributor_original_site_url":"https:\/\/portalderecuperacao.com","push-errors":false,"_links":{"self":[{"href":"https:\/\/noticiasdestaque.com.br\/index.php\/wp-json\/wp\/v2\/posts\/850","targetHints":{"allow":["GET"]}}],"collection":[{"href":"https:\/\/noticiasdestaque.com.br\/index.php\/wp-json\/wp\/v2\/posts"}],"about":[{"href":"https:\/\/noticiasdestaque.com.br\/index.php\/wp-json\/wp\/v2\/types\/post"}],"author":[{"embeddable":true,"href":"https:\/\/noticiasdestaque.com.br\/index.php\/wp-json\/wp\/v2\/users\/1"}],"replies":[{"embeddable":true,"href":"https:\/\/noticiasdestaque.com.br\/index.php\/wp-json\/wp\/v2\/comments?post=850"}],"version-history":[{"count":0,"href":"https:\/\/noticiasdestaque.com.br\/index.php\/wp-json\/wp\/v2\/posts\/850\/revisions"}],"wp:featuredmedia":[{"embeddable":true,"href":"https:\/\/noticiasdestaque.com.br\/index.php\/wp-json\/wp\/v2\/media\/860"}],"wp:attachment":[{"href":"https:\/\/noticiasdestaque.com.br\/index.php\/wp-json\/wp\/v2\/media?parent=850"}],"wp:term":[{"taxonomy":"category","embeddable":true,"href":"https:\/\/noticiasdestaque.com.br\/index.php\/wp-json\/wp\/v2\/categories?post=850"},{"taxonomy":"post_tag","embeddable":true,"href":"https:\/\/noticiasdestaque.com.br\/index.php\/wp-json\/wp\/v2\/tags?post=850"}],"curies":[{"name":"wp","href":"https:\/\/api.w.org\/{rel}","templated":true}]}}