{"id":847,"date":"2022-11-01T12:38:13","date_gmt":"2022-11-01T15:38:13","guid":{"rendered":"https:\/\/www.diariofama.com.br\/?p=847"},"modified":"2022-11-01T12:38:13","modified_gmt":"2022-11-01T15:38:13","slug":"falha-no-instagram-faz-milhares-de-contas-serem-suspensas","status":"publish","type":"post","link":"https:\/\/noticiasdestaque.com.br\/index.php\/2022\/11\/01\/falha-no-instagram-faz-milhares-de-contas-serem-suspensas\/","title":{"rendered":"Falha no Instagram faz milhares de contas serem suspensas"},"content":{"rendered":"<style> bloco.meta {font-style: italic; color: #666;font-weight: 600;font-size: .8em; \/* line-height: .3em; *\/}  text h2 { font-weight: 700 !important;  color: #062f46 !important;} text img { width: none; left: none;}<\/style>\n<p>O Instagram est\u00e1 investigando um problema que impede milhares de usu\u00e1rios de acessar a plataforma de compartilhamento de fotos, com v\u00e1rios deles reclamando da suspens\u00e3o de suas contas.<\/p>\n<p>&#8220;Estamos cientes de que alguns de voc\u00eas est\u00e3o tendo problemas para acessar sua conta do Instagram. Estamos investigando e pedimos desculpas pelo inconveniente&#8221;, disse a rede social controlada pela Meta.<\/p>\n<p>Um porta-voz do Instagram n\u00e3o comentou sobre a suspens\u00e3o das contas. V\u00e1rios usu\u00e1rios do Instagram escreveram no Twitter que o aplicativo pede <em>email<\/em> e n\u00famero de telefone cadastrados para acessar a conta suspensa.<\/p>\n<p>\u00c0s 10h13 (hor\u00e1rio de Bras\u00edlia), quase 3 mil usu\u00e1rios eram afetados, de acordo com o <em>site<\/em> de rastreamento Downdetector. Apesar disso, a falha pode estar afetando um n\u00famero muito maior de usu\u00e1rios.<\/p>\n<p>As a\u00e7\u00f5es da Meta exibiam queda de cerca de 5% \u00e0s 13h18 (hor\u00e1rio de Bras\u00edlia), em meio a um movimento mais generalizado de venda de papeis no mercado acion\u00e1rio norte-americano.<\/p>\n<p><strong><em>*\u00c9 proibida a reprodu\u00e7\u00e3o deste conte\u00fado<\/em><\/strong><\/p>\n<p><!-- blog End --><\/p>\n<p><!-- tag and share --><\/p>\n<p>Fonte: EBC<\/p>\n<input type=\"hidden\" id=\"baseurl\" value=\"https:\/\/noticiasdestaque.com.br\"><input type=\"hidden\" id=\"audio_nonce\" value=\"9fd43fe80e\">","protected":false},"excerpt":{"rendered":"<p>A\u00e7\u00f5es da Meta exibiam queda de cerca de 5% no in\u00edcio da tarde<\/p>\n","protected":false},"author":1,"featured_media":848,"comment_status":"open","ping_status":"open","sticky":false,"template":"","format":"standard","meta":{"fifu_image_url":"","fifu_image_alt":"","footnotes":""},"categories":[54],"tags":[],"class_list":["post-847","post","type-post","status-publish","format-standard","has-post-thumbnail","hentry","category-tecnologia"],"distributor_meta":false,"distributor_terms":false,"distributor_media":false,"distributor_original_site_name":"Portal de Recupera\u00e7\u00e3o","distributor_original_site_url":"https:\/\/portalderecuperacao.com","push-errors":false,"_links":{"self":[{"href":"https:\/\/noticiasdestaque.com.br\/index.php\/wp-json\/wp\/v2\/posts\/847","targetHints":{"allow":["GET"]}}],"collection":[{"href":"https:\/\/noticiasdestaque.com.br\/index.php\/wp-json\/wp\/v2\/posts"}],"about":[{"href":"https:\/\/noticiasdestaque.com.br\/index.php\/wp-json\/wp\/v2\/types\/post"}],"author":[{"embeddable":true,"href":"https:\/\/noticiasdestaque.com.br\/index.php\/wp-json\/wp\/v2\/users\/1"}],"replies":[{"embeddable":true,"href":"https:\/\/noticiasdestaque.com.br\/index.php\/wp-json\/wp\/v2\/comments?post=847"}],"version-history":[{"count":0,"href":"https:\/\/noticiasdestaque.com.br\/index.php\/wp-json\/wp\/v2\/posts\/847\/revisions"}],"wp:featuredmedia":[{"embeddable":true,"href":"https:\/\/noticiasdestaque.com.br\/index.php\/wp-json\/wp\/v2\/media\/848"}],"wp:attachment":[{"href":"https:\/\/noticiasdestaque.com.br\/index.php\/wp-json\/wp\/v2\/media?parent=847"}],"wp:term":[{"taxonomy":"category","embeddable":true,"href":"https:\/\/noticiasdestaque.com.br\/index.php\/wp-json\/wp\/v2\/categories?post=847"},{"taxonomy":"post_tag","embeddable":true,"href":"https:\/\/noticiasdestaque.com.br\/index.php\/wp-json\/wp\/v2\/tags?post=847"}],"curies":[{"name":"wp","href":"https:\/\/api.w.org\/{rel}","templated":true}]}}