{"id":846,"date":"2022-11-01T15:28:01","date_gmt":"2022-11-01T18:28:01","guid":{"rendered":"https:\/\/www.diariofama.com.br\/?p=846"},"modified":"2022-11-01T15:28:01","modified_gmt":"2022-11-01T18:28:01","slug":"produtores-de-gado-comecam-a-segunda-etapa-de-vacinacao-contra-febre-aftosa","status":"publish","type":"post","link":"https:\/\/noticiasdestaque.com.br\/index.php\/2022\/11\/01\/produtores-de-gado-comecam-a-segunda-etapa-de-vacinacao-contra-febre-aftosa\/","title":{"rendered":"Produtores de gado come\u00e7am a segunda etapa de vacina\u00e7\u00e3o contra febre aftosa"},"content":{"rendered":"<p>At\u00e9 o dia 30 de novembro, cerca de 161 milh\u00f5es de bovinos e bubalinos dever\u00e3o ser vacinados contra a febre aftosa no Brasil. A imuniza\u00e7\u00e3o faz parte da segunda etapa da campanha nacional de vacina\u00e7\u00e3o, que come\u00e7a na pr\u00f3xima ter\u00e7a-feira (1\u00ba\/11).<\/p>\n<p>Aproximadamente 141 milh\u00f5es de animais (bovinos e bubalinos) de todas as idades ser\u00e3o vacinados em 11 unidades da Federa\u00e7\u00e3o (BA, ES, GO, MG, MS, MT, RJ, SE, SP, TO E DF) contra a doen\u00e7a. Estes estados comp\u00f5em o bloco IV do Plano Estrat\u00e9gico do Programa Nacional de Vigil\u00e2ncia da Febre Aftosa (PE-PNEFA). A febre aftosa \u00e9 causada por v\u00edrus e causa febre e ves\u00edculas que se espalham pela boca e p\u00e9s dos animais. E \u00e9 considerada uma doen\u00e7a infecciosa grave.<\/p>\n<p>Em outros 10 estados (AL, AM, CE, MA, PA, PB, PE, PI, RR E RN) ser\u00e3o vacinados os animais de at\u00e9 24 meses, seguindo o calend\u00e1rio nacional de vacina\u00e7\u00e3o.<\/p>\n<p>A fim de garantir a oferta de vacinas, alcan\u00e7ar boa cobertura e manter a imunidade do rebanho brasileiro, em abril deste ano o Minist\u00e9rio da Agricultura inverteu a estrat\u00e9gia de vacina\u00e7\u00e3o em alguns estados. O Chefe da Divis\u00e3o de Febre Aftosa e Outras Doen\u00e7as Vesiculares do Minist\u00e9rio da Agricultura, Gabriel Sanchez, explica essa invers\u00e3o.<\/p>\n<p>\u201cIsso quer dizer que esses estados vacinaram os animais at\u00e9 24 meses na primeira campanha, em maio e v\u00e3o vacinar o rebanho inteiro, agora na segunda campanha, em novembro. Os estados n\u00e3o s\u00f3 do bloco IV mas tamb\u00e9m dos demais estados que ainda usam a vacina \u00e9 importante que alcancem altos \u00edndices de vacina\u00e7\u00e3o como historicamente a gente tem alcan\u00e7ado, porque s\u00e3o estados que ainda utilizam a vacina\u00e7\u00e3o como ferramenta da preven\u00e7\u00e3o da febre aftosa.\u201d<\/p>\n<p>Em alguns estados do pa\u00eds, como \u00e9 o caso de Minas Gerais, Tocantins, Mato Grosso do Sul, Mato Grosso, Goi\u00e1s, Esp\u00edrito Santos e Distrito Federal, a vacina\u00e7\u00e3o contra a febre aftosa ser\u00e1 suspensa gra\u00e7as \u00e0 aus\u00eancia da doen\u00e7a nesses locais.<\/p>\n<p>Segundo o m\u00e9dico veterin\u00e1rio Rafael Renalt, o trabalho de erradica\u00e7\u00e3o da doen\u00e7a no Brasil existe h\u00e1 mais de 50 anos. Com isso, quase metade do rebanho do pa\u00eds, de 114 milh\u00f5es de bovinos e bubalinos, deixar\u00e1 de ser vacinado.<\/p>\n<p>\u201cA vacina\u00e7\u00e3o \u00e9 importante porque ela vai servir como controle da doen\u00e7a e um controle que a gente vai fazendo ao longo dos anos at\u00e9 a erradica\u00e7\u00e3o completa da doen\u00e7a que \u00e9 o que est\u00e1 acontecendo agora no pa\u00eds.\u201d<\/p>\n<h2>Perigos da doen\u00e7a<\/h2>\n<p>A febre aftosa gera muitos preju\u00edzos para o rebanho.  Os pa\u00edses que compram carne e leite do Brasil exigem que o rebanho esteja livre da doen\u00e7a. Com rela\u00e7\u00e3o \u00e0 sa\u00fade do animal, o veterin\u00e1rio explica quais s\u00e3o os sintomas. \u201cPara o animal vai gerar dificuldade alimentar, de locomo\u00e7\u00e3o, perda de tetas e a diminui\u00e7\u00e3o da produ\u00e7\u00e3o e morte de animais jovens, ou seja, para o produtor o animal vai vir a \u00f3bito, al\u00e9m da taxa de contamina\u00e7\u00e3o.\u201d<\/p>\n<p>O departamento de sa\u00fade Animal do Mapa aguarda a evolu\u00e7\u00e3o dos demais estados para que o pa\u00eds ganhe o reconhecimento internacional de zona livre sem vacina\u00e7\u00e3o junto \u00e0 Organiza\u00e7\u00e3o Mundial da Sa\u00fade Animal.<\/p>\n<p>Hoje, no pa\u00eds, apenas os estados do Sul: Santa Catarina, Paran\u00e1 e Rio Grande do Sul, al\u00e9m de Acre, Rond\u00f4nia e partes do Amazonas e Mato Grosso possuem certifica\u00e7\u00e3o internacional de zona livre de febre aftosa sem vacina\u00e7\u00e3o.<\/p>\n<p>Fonte: Brasil61<\/p>\n<input type=\"hidden\" id=\"baseurl\" value=\"https:\/\/noticiasdestaque.com.br\"><input type=\"hidden\" id=\"audio_nonce\" value=\"9fd43fe80e\">","protected":false},"excerpt":{"rendered":"<p>Campanha abrange 21 unidades da federa\u00e7\u00e3o e vai durar todo o m\u00eas de novembro <\/p>\n","protected":false},"author":1,"featured_media":862,"comment_status":"open","ping_status":"open","sticky":false,"template":"","format":"standard","meta":{"fifu_image_url":"","fifu_image_alt":"","footnotes":""},"categories":[48],"tags":[],"class_list":["post-846","post","type-post","status-publish","format-standard","has-post-thumbnail","hentry","category-mundo"],"distributor_meta":false,"distributor_terms":false,"distributor_media":false,"distributor_original_site_name":"Portal de Recupera\u00e7\u00e3o","distributor_original_site_url":"https:\/\/portalderecuperacao.com","push-errors":false,"_links":{"self":[{"href":"https:\/\/noticiasdestaque.com.br\/index.php\/wp-json\/wp\/v2\/posts\/846","targetHints":{"allow":["GET"]}}],"collection":[{"href":"https:\/\/noticiasdestaque.com.br\/index.php\/wp-json\/wp\/v2\/posts"}],"about":[{"href":"https:\/\/noticiasdestaque.com.br\/index.php\/wp-json\/wp\/v2\/types\/post"}],"author":[{"embeddable":true,"href":"https:\/\/noticiasdestaque.com.br\/index.php\/wp-json\/wp\/v2\/users\/1"}],"replies":[{"embeddable":true,"href":"https:\/\/noticiasdestaque.com.br\/index.php\/wp-json\/wp\/v2\/comments?post=846"}],"version-history":[{"count":0,"href":"https:\/\/noticiasdestaque.com.br\/index.php\/wp-json\/wp\/v2\/posts\/846\/revisions"}],"wp:featuredmedia":[{"embeddable":true,"href":"https:\/\/noticiasdestaque.com.br\/index.php\/wp-json\/wp\/v2\/media\/862"}],"wp:attachment":[{"href":"https:\/\/noticiasdestaque.com.br\/index.php\/wp-json\/wp\/v2\/media?parent=846"}],"wp:term":[{"taxonomy":"category","embeddable":true,"href":"https:\/\/noticiasdestaque.com.br\/index.php\/wp-json\/wp\/v2\/categories?post=846"},{"taxonomy":"post_tag","embeddable":true,"href":"https:\/\/noticiasdestaque.com.br\/index.php\/wp-json\/wp\/v2\/tags?post=846"}],"curies":[{"name":"wp","href":"https:\/\/api.w.org\/{rel}","templated":true}]}}