{"id":836,"date":"2022-10-31T16:24:59","date_gmt":"2022-10-31T19:24:59","guid":{"rendered":"https:\/\/www.diariofama.com.br\/?p=836"},"modified":"2022-10-31T16:24:59","modified_gmt":"2022-10-31T19:24:59","slug":"lula-se-reune-com-presidente-argentino-alberto-fernandez","status":"publish","type":"post","link":"https:\/\/noticiasdestaque.com.br\/index.php\/2022\/10\/31\/lula-se-reune-com-presidente-argentino-alberto-fernandez\/","title":{"rendered":"Lula se re\u00fane com presidente argentino, Alberto Fern\u00e1ndez"},"content":{"rendered":"<style> bloco.meta {font-style: italic; color: #666;font-weight: 600;font-size: .8em; \/* line-height: .3em; *\/}  text h2 { font-weight: 700 !important;  color: #062f46 !important;} text img { width: none; left: none;}<\/style>\n<p>O presidente eleito Luiz In\u00e1cio Lula da Silva se encontrou hoje (31) com o presidente da Argentina, Alberto Fern\u00e1ndez, em um hotel pr\u00f3ximo \u00e0 Avenida Paulista, na regi\u00e3o central da capital. \u00c9 o primeiro compromisso oficial de Lula ap\u00f3s a vit\u00f3ria nas urnas.<\/p>\n<p>Fern\u00e1ndez publicou um breve v\u00eddeo em sua conta no Twitter em que aparece abra\u00e7ando Lula. \u201cTodo meu amor, admira\u00e7\u00e3o e respeito, querido companheiro. Temos um futuro que nos abra\u00e7a e nos convoca\u201d, escreveu o presidente argentino na publica\u00e7\u00e3o.<\/p>\n<p>Ontem (30), Fern\u00e1ndez, assim como outros l\u00edderes mundiais, cumprimentou Lula pela vit\u00f3ria no segundo turno das elei\u00e7\u00f5es presidenciais. \u201cSua vit\u00f3ria abre um novo tempo para a hist\u00f3ria da Am\u00e9rica Latina\u201d, escreveu tamb\u00e9m no Twitter. \u201cAqui tem um companheiro para trabalhar e sonhar\u201d, disse.<\/p>\n<p>Em uma disputa acirrada, o ex-presidente, que j\u00e1 comandou o pa\u00eds por dois mandatos, entre 2003 e 2010, foi eleito para exercer um terceiro mandado \u00e0 frente da Presid\u00eancia da Rep\u00fablica. Com 60,3 milh\u00f5es de votos, Lula obteve 50,9% dos votos v\u00e1lidos no segundo turno das elei\u00e7\u00f5es, realizada ontem. Ele derrotou o presidente Jair Bolsonaro, que disputava a reelei\u00e7\u00e3o.<\/p>\n<p class=\"alt-font font-italic my-2 small text-info\">\n                                                Edi\u00e7\u00e3o:   Fernando Fraga<\/p>\n<p>            <!-- blog End --><\/p>\n<p><!-- tag and share --><\/p>\n<p>Fonte: EBC<\/p>\n<input type=\"hidden\" id=\"baseurl\" value=\"https:\/\/noticiasdestaque.com.br\"><input type=\"hidden\" id=\"audio_nonce\" value=\"9fd43fe80e\">","protected":false},"excerpt":{"rendered":"<p>\u00c9 o primeiro compromisso oficial ap\u00f3s a vit\u00f3ria nas urnas<\/p>\n","protected":false},"author":1,"featured_media":837,"comment_status":"open","ping_status":"open","sticky":false,"template":"","format":"standard","meta":{"fifu_image_url":"","fifu_image_alt":"","footnotes":""},"categories":[50],"tags":[],"class_list":["post-836","post","type-post","status-publish","format-standard","has-post-thumbnail","hentry","category-politica"],"distributor_meta":false,"distributor_terms":false,"distributor_media":false,"distributor_original_site_name":"Portal de Recupera\u00e7\u00e3o","distributor_original_site_url":"https:\/\/portalderecuperacao.com","push-errors":false,"_links":{"self":[{"href":"https:\/\/noticiasdestaque.com.br\/index.php\/wp-json\/wp\/v2\/posts\/836","targetHints":{"allow":["GET"]}}],"collection":[{"href":"https:\/\/noticiasdestaque.com.br\/index.php\/wp-json\/wp\/v2\/posts"}],"about":[{"href":"https:\/\/noticiasdestaque.com.br\/index.php\/wp-json\/wp\/v2\/types\/post"}],"author":[{"embeddable":true,"href":"https:\/\/noticiasdestaque.com.br\/index.php\/wp-json\/wp\/v2\/users\/1"}],"replies":[{"embeddable":true,"href":"https:\/\/noticiasdestaque.com.br\/index.php\/wp-json\/wp\/v2\/comments?post=836"}],"version-history":[{"count":0,"href":"https:\/\/noticiasdestaque.com.br\/index.php\/wp-json\/wp\/v2\/posts\/836\/revisions"}],"wp:featuredmedia":[{"embeddable":true,"href":"https:\/\/noticiasdestaque.com.br\/index.php\/wp-json\/wp\/v2\/media\/837"}],"wp:attachment":[{"href":"https:\/\/noticiasdestaque.com.br\/index.php\/wp-json\/wp\/v2\/media?parent=836"}],"wp:term":[{"taxonomy":"category","embeddable":true,"href":"https:\/\/noticiasdestaque.com.br\/index.php\/wp-json\/wp\/v2\/categories?post=836"},{"taxonomy":"post_tag","embeddable":true,"href":"https:\/\/noticiasdestaque.com.br\/index.php\/wp-json\/wp\/v2\/tags?post=836"}],"curies":[{"name":"wp","href":"https:\/\/api.w.org\/{rel}","templated":true}]}}