{"id":816,"date":"2022-10-31T09:13:14","date_gmt":"2022-10-31T12:13:14","guid":{"rendered":"https:\/\/www.diariofama.com.br\/?p=816"},"modified":"2022-10-31T09:13:14","modified_gmt":"2022-10-31T12:13:14","slug":"proximo-presidente-tera-de-reunificar-brasil-diz-pacheco","status":"publish","type":"post","link":"https:\/\/noticiasdestaque.com.br\/index.php\/2022\/10\/31\/proximo-presidente-tera-de-reunificar-brasil-diz-pacheco\/","title":{"rendered":"Pr\u00f3ximo presidente ter\u00e1 de reunificar Brasil, diz Pacheco"},"content":{"rendered":"<style> bloco.meta {font-style: italic; color: #666;font-weight: 600;font-size: .8em; \/* line-height: .3em; *\/}  text h2 { font-weight: 700 !important;  color: #062f46 !important;} text img { width: none; left: none;}<\/style>\n<p>O presidente eleito Luiz In\u00e1cio Lula da Silva (PT) ter\u00e1 de trabalhar para reunificar o Brasil, disse na noite deste domingo (30) o presidente do Senado, Rodrigo Pacheco (PSD-MG). Em entrevista coletiva nesta noite, ele disse que a Casa est\u00e1 disposta a contribuir em apreciar os projetos do atual governo nos dois pr\u00f3ximos meses e a ajudar na transi\u00e7\u00e3o para o pr\u00f3ximo governo.<\/p>\n<p>\u201c[Houve] uma clara divis\u00e3o da sociedade brasileira, por vota\u00e7\u00f5es quase sim\u00e9tricas, muito pr\u00f3ximas umas das outras, para um candidato e para outro candidato. O papel dos novos mandat\u00e1rios \u00e9 seguramente o de reunificarem o Brasil, buscarem encontrar, atrav\u00e9s da Uni\u00e3o, as solu\u00e7\u00f5es reclamadas pela sociedade brasileira\u201d, disse o presidente do Senado.<\/p>\n<p>Segundo Pacheco, as institui\u00e7\u00f5es devem procurar acalmar os \u00e2nimos e conter o \u00f3dio e o futuro presidente da Rep\u00fablica deve governar para toda a sociedade. \u201cDando um basta ao \u00f3dio, \u00e0 intoler\u00e2ncia, ao respeito \u00e0s diverg\u00eancias, temos um pa\u00eds plural e diverso. O exemplo das institui\u00e7\u00f5es \u00e9 fundamental que sejam dados para que a sociedade brasileira possa se reunir novamente e que o presidente eleito, Luiz In\u00e1cio Lula da Silva, possa governar para todos\u201d, continuou.<\/p>\n<h2>Resultados inquestion\u00e1veis<\/h2>\n<p>Pacheco elogiou o processo de apura\u00e7\u00e3o e disse que as elei\u00e7\u00f5es mostraram a confiabilidade das urnas eletr\u00f4nicas, cujo resultado ser\u00e1 reconhecido \u201cde forma plena, absoluta e insuscet\u00edvel de questionamentos\u201d.<\/p>\n<p>\u201cNo final, o que identificamos foi a seguran\u00e7a, a lisura, a confiabilidade das urnas eletr\u00f4nicas, que deram, como sempre diz\u00edamos durante meses e anos, resultados fidedignos da vontade popular de cada voto depositado nelas. Isso acabou sendo uma quest\u00e3o superada, em fun\u00e7\u00e3o desse trabalho duradouro e constante das institui\u00e7\u00f5es na afirma\u00e7\u00e3o da confiabilidade da Justi\u00e7a Eleitoral\u201d, declarou Pacheco.<\/p>\n<h2>Reconhecimento<\/h2>\n<p>Sobre o reconhecimento da derrota pelo presidente Jair Bolsonaro, Pacheco disse que o presidente do Tribunal Superior Eleitoral (TSE), Alexandre de Moraes, telefonou para os dois candidatos. Ele disse n\u00e3o duvidar de que o atual mandat\u00e1rio reconhecer\u00e1 a vit\u00f3ria do oponente.<\/p>\n<p>\u201cO ministro Alexandre de Moraes telefonou para Bolsonaro e Lula. Essas s\u00e3o as informa\u00e7\u00f5es que eu tenho. Naturalmente, as elei\u00e7\u00f5es s\u00e3o inquestion\u00e1veis e o presidente [Jair] Bolsonaro assim reconhecer\u00e1\u201d, informou.<\/p>\n<h2>Transi\u00e7\u00e3o<\/h2>\n<p>Em rela\u00e7\u00e3o a transi\u00e7\u00e3o, o presidente do Senado prometeu que os parlamentares trabalhar\u00e3o para discutir e votar as propostas que faltam nos dois meses finais de governo e prometeu que a Casa trabalhar\u00e1 para que a transfer\u00eancia de informa\u00e7\u00f5es para o pr\u00f3ximo governo seja a mais eficiente poss\u00edvel.<\/p>\n<p>\u201cQuanto \u00e0 transi\u00e7\u00e3o, n\u00e3o tenho d\u00favida de que o atual governo, nos dois meses pr\u00f3ximos, poder\u00e1 proporcionar a continuidade daquilo que se propunha a fazer porque h\u00e1 inclusive projetos e medidas provis\u00f3rias que encontrar\u00e3o boa vontade nossa para ter prosseguimento e aprecia\u00e7\u00e3o no Congresso Nacional. E que a transi\u00e7\u00e3o seja a mais eficiente poss\u00edvel para os prop\u00f3sitos que ela tem, que \u00e9 fazer com que o novo governo tenha clareza de dados e de informa\u00e7\u00f5es para colocar em pr\u00e1tica o plano de governo aceito pela maioria da popula\u00e7\u00e3o\u201d, acrescentou Pacheco.<\/p>\n<p class=\"alt-font font-italic my-2 small text-info\">\n                                                Edi\u00e7\u00e3o:   F\u00e1bio Massalli<\/p>\n<p>            <!-- blog End --><\/p>\n<p><!-- tag and share --><\/p>\n<p>Fonte: EBC<\/p>\n<input type=\"hidden\" id=\"baseurl\" value=\"https:\/\/noticiasdestaque.com.br\"><input type=\"hidden\" id=\"audio_nonce\" value=\"9fd43fe80e\">","protected":false},"excerpt":{"rendered":"<p>Parlamentar disse que Senado contribuir\u00e1 para transi\u00e7\u00e3o<\/p>\n","protected":false},"author":1,"featured_media":817,"comment_status":"open","ping_status":"open","sticky":false,"template":"","format":"standard","meta":{"fifu_image_url":"","fifu_image_alt":"","footnotes":""},"categories":[48],"tags":[],"class_list":["post-816","post","type-post","status-publish","format-standard","has-post-thumbnail","hentry","category-mundo"],"distributor_meta":false,"distributor_terms":false,"distributor_media":false,"distributor_original_site_name":"Portal de Recupera\u00e7\u00e3o","distributor_original_site_url":"https:\/\/portalderecuperacao.com","push-errors":false,"_links":{"self":[{"href":"https:\/\/noticiasdestaque.com.br\/index.php\/wp-json\/wp\/v2\/posts\/816","targetHints":{"allow":["GET"]}}],"collection":[{"href":"https:\/\/noticiasdestaque.com.br\/index.php\/wp-json\/wp\/v2\/posts"}],"about":[{"href":"https:\/\/noticiasdestaque.com.br\/index.php\/wp-json\/wp\/v2\/types\/post"}],"author":[{"embeddable":true,"href":"https:\/\/noticiasdestaque.com.br\/index.php\/wp-json\/wp\/v2\/users\/1"}],"replies":[{"embeddable":true,"href":"https:\/\/noticiasdestaque.com.br\/index.php\/wp-json\/wp\/v2\/comments?post=816"}],"version-history":[{"count":0,"href":"https:\/\/noticiasdestaque.com.br\/index.php\/wp-json\/wp\/v2\/posts\/816\/revisions"}],"wp:featuredmedia":[{"embeddable":true,"href":"https:\/\/noticiasdestaque.com.br\/index.php\/wp-json\/wp\/v2\/media\/817"}],"wp:attachment":[{"href":"https:\/\/noticiasdestaque.com.br\/index.php\/wp-json\/wp\/v2\/media?parent=816"}],"wp:term":[{"taxonomy":"category","embeddable":true,"href":"https:\/\/noticiasdestaque.com.br\/index.php\/wp-json\/wp\/v2\/categories?post=816"},{"taxonomy":"post_tag","embeddable":true,"href":"https:\/\/noticiasdestaque.com.br\/index.php\/wp-json\/wp\/v2\/tags?post=816"}],"curies":[{"name":"wp","href":"https:\/\/api.w.org\/{rel}","templated":true}]}}