{"id":7903,"date":"2023-06-05T12:09:00","date_gmt":"2023-06-05T12:09:00","guid":{"rendered":"https:\/\/noticiasdestaque.com.br\/index.php\/2023\/06\/05\/lei-cria-semana-nacional-para-debater-doencas-raras\/"},"modified":"2023-06-05T12:09:00","modified_gmt":"2023-06-05T12:09:00","slug":"lei-cria-semana-nacional-para-debater-doencas-raras","status":"publish","type":"post","link":"https:\/\/noticiasdestaque.com.br\/index.php\/2023\/06\/05\/lei-cria-semana-nacional-para-debater-doencas-raras\/","title":{"rendered":"Lei cria semana nacional para debater doen\u00e7as raras"},"content":{"rendered":"<style> bloco.meta {font-style: italic; color: #666;font-weight: 600;font-size: .8em; \/* line-height: .3em; *\/}  text h2 { font-weight: 700 !important;  color: #062f46 !important;} text img { width: none; left: none;}<\/style>\n<\/p>\n<p>O Dia Nacional da Informa\u00e7\u00e3o, Capacita\u00e7\u00e3o e Pesquisa sobre Doen\u00e7as Raras passa a ser celebrado todos os anos no \u00faltimo dia do m\u00eas de fevereiro como parte de uma semana nacional que ter\u00e1 como foco debater as enfermidades incomuns.<aimg src=\"https:\/\/aagenciabrasil.ebc.com.br\/ebc.apng?id=1536843 o=node\" style=\"width:1px; height:1px; display:inline;\"><\/aimg><aimg src=\"https:\/\/aagenciabrasil.ebc.com.br\/ebc.agif?id=1536843 o=node\" style=\"width:1px; height:1px; display:inline;\"><\/aimg><\/p>\n<p>A medida faz parte das mudan\u00e7as na lei 13.693, de 10 de julho de 2018, que foi sancionada pelo presidente Luiz In\u00e1cio Lula da Silva na \u00faltima sexta-feira (2) e publicada nesta segunda-feira (5), no <a href=\"http:\/\/in.gov.br\/web\/dou\/-\/lei-n-14.593-de-2-de-junho-de-2023-487863972\" target=\"_blank\"><em>Di\u00e1rio Oficial da Uni\u00e3o<\/em><\/a>.<\/p>\n<p>As mudan\u00e7as buscam aprofundar as pesquisas, o debate e conscientiza\u00e7\u00e3o sobre as doen\u00e7as raras, caracterizadas por baixas ocorr\u00eancias, mas que envolvem cerca de sete mil tipos de enfermidades reconhecidas atualmente pela literatura m\u00e9dica e que afetam, apenas no Brasil, 13 milh\u00f5es de pessoas, segundo Minist\u00e9rio da Sa\u00fade.<\/p>\n<h2>Agentes de Tr\u00e2nsito<\/h2>\n<p>Tamb\u00e9m foi sancionada a lei 14.594, que institui o <a href=\"http:\/\/in.gov.br\/web\/dou\/-\/lei-n-14.594-de-2-de-junho-de-2023-487864085\" target=\"_blank\">Dia Nacional dos Agentes de Tr\u00e2nsito <\/a>&#8211; 11 de maio -, quando dever\u00e3o ser desenvolvidas atividades e programas de atualiza\u00e7\u00e3o profissional, al\u00e9m de campanhas preventivas de acidentes no tr\u00e2nsito no pa\u00eds.  <\/p>\n<p>De acordo com o presidente da Associa\u00e7\u00e3o dos Agentes de Tr\u00e2nsito do Brasil (AGT Brasil), Ant\u00f4nio Coelho, a medida consolida o reconhecimento da carreira profissional, que, por muitos anos, foi inclu\u00edda em outra atividade mais ampla dos agentes de tr\u00e2nsito, que seria um conceito mais amplo e envolveria policiais militares e outros agentes que atuam no tr\u00e2nsito.<\/p>\n<p>\u201cDesde a municipaliza\u00e7\u00e3o do servi\u00e7o em 1997 houve essa mistura dos dois conceitos, mas logo iniciamos um debate que resultou na separa\u00e7\u00e3o das carreiras de agentes de tr\u00e2nsito da de agentes da autoridade de tr\u00e2nsito na Constitui\u00e7\u00e3o, em 2014\u201d, explica.<\/p>\n<p>De acordo com levantamento realizado pela AGT Brasil, atualmente atuam em todo o pa\u00eds aproximadamente 30 mil agentes de tr\u00e2nsito.<\/p>\n<p class=\"alt-font font-italic my-2 small text-info\">\n                                                Edi\u00e7\u00e3o:   Kleber Sampaio                    <\/p>\n<p>            <!-- blog End --><\/p>\n<p>            <!-- tag and share --><\/p>\n<p> Fonte: EBC <\/p>\n<input type=\"hidden\" id=\"baseurl\" value=\"https:\/\/noticiasdestaque.com.br\"><input type=\"hidden\" id=\"audio_nonce\" value=\"6a24ca502e\">","protected":false},"excerpt":{"rendered":"<p>Decis\u00e3o est\u00e1 publicada no Di\u00e1rio Oficial da Uni\u00e3o<\/p>\n","protected":false},"author":1,"featured_media":7905,"comment_status":"open","ping_status":"open","sticky":false,"template":"","format":"standard","meta":{"fifu_image_url":"","fifu_image_alt":"","footnotes":""},"categories":[1],"tags":[112],"class_list":["post-7903","post","type-post","status-publish","format-standard","has-post-thumbnail","hentry","category-uncategorized","tag-energreener"],"distributor_meta":false,"distributor_terms":false,"distributor_media":false,"distributor_original_site_name":"Noticias em Destaque","distributor_original_site_url":"https:\/\/noticiasdestaque.com.br","push-errors":false,"_links":{"self":[{"href":"https:\/\/noticiasdestaque.com.br\/index.php\/wp-json\/wp\/v2\/posts\/7903","targetHints":{"allow":["GET"]}}],"collection":[{"href":"https:\/\/noticiasdestaque.com.br\/index.php\/wp-json\/wp\/v2\/posts"}],"about":[{"href":"https:\/\/noticiasdestaque.com.br\/index.php\/wp-json\/wp\/v2\/types\/post"}],"author":[{"embeddable":true,"href":"https:\/\/noticiasdestaque.com.br\/index.php\/wp-json\/wp\/v2\/users\/1"}],"replies":[{"embeddable":true,"href":"https:\/\/noticiasdestaque.com.br\/index.php\/wp-json\/wp\/v2\/comments?post=7903"}],"version-history":[{"count":1,"href":"https:\/\/noticiasdestaque.com.br\/index.php\/wp-json\/wp\/v2\/posts\/7903\/revisions"}],"predecessor-version":[{"id":7904,"href":"https:\/\/noticiasdestaque.com.br\/index.php\/wp-json\/wp\/v2\/posts\/7903\/revisions\/7904"}],"wp:featuredmedia":[{"embeddable":true,"href":"https:\/\/noticiasdestaque.com.br\/index.php\/wp-json\/wp\/v2\/media\/7905"}],"wp:attachment":[{"href":"https:\/\/noticiasdestaque.com.br\/index.php\/wp-json\/wp\/v2\/media?parent=7903"}],"wp:term":[{"taxonomy":"category","embeddable":true,"href":"https:\/\/noticiasdestaque.com.br\/index.php\/wp-json\/wp\/v2\/categories?post=7903"},{"taxonomy":"post_tag","embeddable":true,"href":"https:\/\/noticiasdestaque.com.br\/index.php\/wp-json\/wp\/v2\/tags?post=7903"}],"curies":[{"name":"wp","href":"https:\/\/api.w.org\/{rel}","templated":true}]}}