{"id":7900,"date":"2023-06-05T11:39:00","date_gmt":"2023-06-05T11:39:00","guid":{"rendered":"https:\/\/noticiasdestaque.com.br\/index.php\/2023\/06\/05\/inscricoes-para-o-enem-comecam-nesta-segunda-feira\/"},"modified":"2023-06-05T11:39:00","modified_gmt":"2023-06-05T11:39:00","slug":"inscricoes-para-o-enem-comecam-nesta-segunda-feira","status":"publish","type":"post","link":"https:\/\/noticiasdestaque.com.br\/index.php\/2023\/06\/05\/inscricoes-para-o-enem-comecam-nesta-segunda-feira\/","title":{"rendered":"Inscri\u00e7\u00f5es para o Enem come\u00e7am nesta segunda-feira"},"content":{"rendered":"<style> bloco.meta {font-style: italic; color: #666;font-weight: 600;font-size: .8em; \/* line-height: .3em; *\/}  text h2 { font-weight: 700 !important;  color: #062f46 !important;} text img { width: none; left: none;}<\/style>\n<\/p>\n<p>As inscri\u00e7\u00f5es para o Exame Nacional do Ensino M\u00e9dio (Enem) come\u00e7am nesta segunda-feira (5). Interessados em participar do certame, a ser aplicado nos dias 5 e 12 de novembro, t\u00eam at\u00e9 16 de junho para fazer o cadastro na <a href=\"https:\/\/enem.inep.gov.br\/participante\/#!\/\" target=\"_blank\">P\u00e1gina do Participante<\/a>. A taxa de inscri\u00e7\u00e3o \u00e9 R$ 85 e deve ser paga at\u00e9 21 de junho.  <aimg src=\"https:\/\/aagenciabrasil.ebc.com.br\/ebc.apng?id=1536842 o=node\" style=\"width:1px; height:1px; display:inline;\"><\/aimg><aimg src=\"https:\/\/aagenciabrasil.ebc.com.br\/ebc.agif?id=1536842 o=node\" style=\"width:1px; height:1px; display:inline;\"><\/aimg><\/p>\n<p><a href=\"https:\/\/www.in.gov.br\/en\/web\/dou\/-\/edital-n-30-de-5-de-maio-de-2023-481632388\" target=\"_blank\">O edital<\/a> com o cronograma e tamb\u00e9m com as regras para o Enem 2023 foi publicado no in\u00edcio do m\u00eas. Al\u00e9m de apresentar as datas e os hor\u00e1rios do exame, o texto detalha os documentos necess\u00e1rios e as obriga\u00e7\u00f5es do participante, incluindo situa\u00e7\u00f5es em que o candidato pode ser eliminado. <\/p>\n<h2>Provas<\/h2>\n<p>A publica\u00e7\u00e3o do Instituto Nacional de Estudos e Pesquisas An\u00edsio Teixeira (Inep) traz, ainda, crit\u00e9rios para corre\u00e7\u00e3o das provas e procedimentos para pessoas que precisam de cuidados especiais durante o concurso.  <\/p>\n<p>Os gabaritos das provas objetivas ser\u00e3o publicados no dia 24 de novembro no <a href=\"http:\/\/www.gov.br\/inep\/pt-br\" target=\"_blank\">portal do Inep<\/a>. J\u00e1 os resultados individuais ser\u00e3o divulgados no dia 16 de janeiro de 2024 no mesmo site. <\/p>\n<\/p>\n<p class=\"alt-font font-italic my-2 small text-info\">\n                                                Edi\u00e7\u00e3o:   Kleber Sampaio                    <\/p>\n<p>            <!-- blog End --><\/p>\n<p>            <!-- tag and share --><\/p>\n<p> Fonte: EBC <\/p>\n<input type=\"hidden\" id=\"baseurl\" value=\"https:\/\/noticiasdestaque.com.br\"><input type=\"hidden\" id=\"audio_nonce\" value=\"6a24ca502e\">","protected":false},"excerpt":{"rendered":"<p>Taxa de inscri\u00e7\u00e3o custa R$ 85 e deve ser paga at\u00e9 dia 21<\/p>\n","protected":false},"author":1,"featured_media":7902,"comment_status":"open","ping_status":"open","sticky":false,"template":"","format":"standard","meta":{"fifu_image_url":"","fifu_image_alt":"","footnotes":""},"categories":[1],"tags":[174],"class_list":["post-7900","post","type-post","status-publish","format-standard","has-post-thumbnail","hentry","category-uncategorized","tag-internacao-para-alcoolatras"],"distributor_meta":false,"distributor_terms":false,"distributor_media":false,"distributor_original_site_name":"Noticias em Destaque","distributor_original_site_url":"https:\/\/noticiasdestaque.com.br","push-errors":false,"_links":{"self":[{"href":"https:\/\/noticiasdestaque.com.br\/index.php\/wp-json\/wp\/v2\/posts\/7900","targetHints":{"allow":["GET"]}}],"collection":[{"href":"https:\/\/noticiasdestaque.com.br\/index.php\/wp-json\/wp\/v2\/posts"}],"about":[{"href":"https:\/\/noticiasdestaque.com.br\/index.php\/wp-json\/wp\/v2\/types\/post"}],"author":[{"embeddable":true,"href":"https:\/\/noticiasdestaque.com.br\/index.php\/wp-json\/wp\/v2\/users\/1"}],"replies":[{"embeddable":true,"href":"https:\/\/noticiasdestaque.com.br\/index.php\/wp-json\/wp\/v2\/comments?post=7900"}],"version-history":[{"count":1,"href":"https:\/\/noticiasdestaque.com.br\/index.php\/wp-json\/wp\/v2\/posts\/7900\/revisions"}],"predecessor-version":[{"id":7901,"href":"https:\/\/noticiasdestaque.com.br\/index.php\/wp-json\/wp\/v2\/posts\/7900\/revisions\/7901"}],"wp:featuredmedia":[{"embeddable":true,"href":"https:\/\/noticiasdestaque.com.br\/index.php\/wp-json\/wp\/v2\/media\/7902"}],"wp:attachment":[{"href":"https:\/\/noticiasdestaque.com.br\/index.php\/wp-json\/wp\/v2\/media?parent=7900"}],"wp:term":[{"taxonomy":"category","embeddable":true,"href":"https:\/\/noticiasdestaque.com.br\/index.php\/wp-json\/wp\/v2\/categories?post=7900"},{"taxonomy":"post_tag","embeddable":true,"href":"https:\/\/noticiasdestaque.com.br\/index.php\/wp-json\/wp\/v2\/tags?post=7900"}],"curies":[{"name":"wp","href":"https:\/\/api.w.org\/{rel}","templated":true}]}}