{"id":7891,"date":"2023-06-05T07:09:00","date_gmt":"2023-06-05T07:09:00","guid":{"rendered":"https:\/\/noticiasdestaque.com.br\/index.php\/2023\/06\/05\/indicadores-boi-gordo-registra-alta-no-preco-nesta-segunda-feira\/"},"modified":"2023-06-05T07:09:00","modified_gmt":"2023-06-05T07:09:00","slug":"indicadores-boi-gordo-registra-alta-no-preco-nesta-segunda-feira","status":"publish","type":"post","link":"https:\/\/noticiasdestaque.com.br\/index.php\/2023\/06\/05\/indicadores-boi-gordo-registra-alta-no-preco-nesta-segunda-feira\/","title":{"rendered":"INDICADORES: boi gordo registra alta no pre\u00e7o nesta segunda-feira (5)"},"content":{"rendered":"<p>A cota\u00e7\u00e3o da arroba do boi gordo come\u00e7ou a segunda-feira (5) com alta de 1,80%. O produto \u00e9 negociado a R$ 248,30 no estado de S\u00e3o Paulo. No mercado financeiro, a arroba do boi gordo tamb\u00e9m teve alta, de 0,27%, e a cota\u00e7\u00e3o \u00e9 de R$243,25. <\/p>\n<p>A m\u00e9dia m\u00f3vel, ou seja, os cinco \u00faltimos indicadores agregados da arroba do boi gordo, segue a tend\u00eancia de queda de todo o m\u00eas, o que refor\u00e7a que os pre\u00e7os possam cair ou manter-se est\u00e1veis para os pr\u00f3ximos dias. <\/p>\n<p>O pre\u00e7o do quilo do frango congelado tamb\u00e9m teve queda e \u00e9 vendido a R$ 5,96. O pre\u00e7o do quilo do frango resfriado tamb\u00e9m apresentou queda no pre\u00e7o e a mercadoria \u00e9 comercializada a R$ 5,97 na Grande S\u00e3o Paulo, S\u00e3o Jos\u00e9 do Rio Preto e Descalvado. <\/p>\n<p>O pre\u00e7o da carca\u00e7a su\u00edna especial se manteve est\u00e1vel  e a mercadoria \u00e9 comercializada a R$ 8,77 em atacados da Grande S\u00e3o Paulo. Com rela\u00e7\u00e3o ao su\u00edno vivo, nos estados, houve estabilidade dos pre\u00e7os ou leve alta. Em Minas Gerais, o su\u00edno vivo \u00e9 vendido a R$ 5,97. No Paran\u00e1, o produto \u00e9 comercializado \u00e0 vista a R$ 5,51.<\/p>\n<p>Em Santa Catarina, a R$5,32; no Rio Grande do Sul a R$5,65; e em S\u00e3o Paulo a R$5,89.<br \/>\nOs valores s\u00e3o do Cepea.\n <\/p>\n<p> Fonte: Brasil61<\/p>\n<input type=\"hidden\" id=\"baseurl\" value=\"https:\/\/noticiasdestaque.com.br\"><input type=\"hidden\" id=\"audio_nonce\" value=\"6f73a554f1\">","protected":false},"excerpt":{"rendered":"<p>O pre\u00e7o do quilo do frango resfriado tamb\u00e9m apresentou queda no pre\u00e7o e a mercadoria \u00e9 comercializada a R$ 5,97<\/p>\n","protected":false},"author":1,"featured_media":7893,"comment_status":"open","ping_status":"open","sticky":false,"template":"","format":"standard","meta":{"fifu_image_url":"","fifu_image_alt":"","footnotes":""},"categories":[1],"tags":[107],"class_list":["post-7891","post","type-post","status-publish","format-standard","has-post-thumbnail","hentry","category-uncategorized","tag-closer-vendedor-milionario"],"distributor_meta":false,"distributor_terms":false,"distributor_media":false,"distributor_original_site_name":"Noticias em Destaque","distributor_original_site_url":"https:\/\/noticiasdestaque.com.br","push-errors":false,"_links":{"self":[{"href":"https:\/\/noticiasdestaque.com.br\/index.php\/wp-json\/wp\/v2\/posts\/7891","targetHints":{"allow":["GET"]}}],"collection":[{"href":"https:\/\/noticiasdestaque.com.br\/index.php\/wp-json\/wp\/v2\/posts"}],"about":[{"href":"https:\/\/noticiasdestaque.com.br\/index.php\/wp-json\/wp\/v2\/types\/post"}],"author":[{"embeddable":true,"href":"https:\/\/noticiasdestaque.com.br\/index.php\/wp-json\/wp\/v2\/users\/1"}],"replies":[{"embeddable":true,"href":"https:\/\/noticiasdestaque.com.br\/index.php\/wp-json\/wp\/v2\/comments?post=7891"}],"version-history":[{"count":1,"href":"https:\/\/noticiasdestaque.com.br\/index.php\/wp-json\/wp\/v2\/posts\/7891\/revisions"}],"predecessor-version":[{"id":7892,"href":"https:\/\/noticiasdestaque.com.br\/index.php\/wp-json\/wp\/v2\/posts\/7891\/revisions\/7892"}],"wp:featuredmedia":[{"embeddable":true,"href":"https:\/\/noticiasdestaque.com.br\/index.php\/wp-json\/wp\/v2\/media\/7893"}],"wp:attachment":[{"href":"https:\/\/noticiasdestaque.com.br\/index.php\/wp-json\/wp\/v2\/media?parent=7891"}],"wp:term":[{"taxonomy":"category","embeddable":true,"href":"https:\/\/noticiasdestaque.com.br\/index.php\/wp-json\/wp\/v2\/categories?post=7891"},{"taxonomy":"post_tag","embeddable":true,"href":"https:\/\/noticiasdestaque.com.br\/index.php\/wp-json\/wp\/v2\/tags?post=7891"}],"curies":[{"name":"wp","href":"https:\/\/api.w.org\/{rel}","templated":true}]}}